{"id":40113,"date":"2014-01-08T14:13:20","date_gmt":"2014-01-08T17:13:20","guid":{"rendered":"http:\/\/www.elsindical.com.ar\/notas\/?p=40113"},"modified":"2014-01-08T14:13:20","modified_gmt":"2014-01-08T17:13:20","slug":"villa-luroasesinan-a-sargento-retirado-de-la-federal-en-robo-a-supermercado-chino","status":"publish","type":"post","link":"https:\/\/www.elsindical.com.ar\/notas\/villa-luroasesinan-a-sargento-retirado-de-la-federal-en-robo-a-supermercado-chino\/","title":{"rendered":"Villa Luro:Asesinan a Sargento retirado de la federal en robo a supermercado chino"},"content":{"rendered":"<p><em><a href=\"http:\/\/www.elsindical.com.ar\/notas\/var\/www\/html\/notas\/wp-content\/uploads\/2014\/01\/super-chino-Villa-Luro.jpg\"><img loading=\"lazy\" decoding=\"async\" class=\"alignnone size-medium wp-image-40114\" alt=\"super-chino-Villa-Luro\" src=\"http:\/\/www.elsindical.com.ar\/notas\/var\/www\/html\/notas\/wp-content\/uploads\/2014\/01\/super-chino-Villa-Luro-300x176.jpg\" width=\"300\" height=\"176\" srcset=\"https:\/\/www.elsindical.com.ar\/notas\/var\/www\/html\/notas\/wp-content\/uploads\/2014\/01\/super-chino-Villa-Luro-300x176.jpg 300w, https:\/\/www.elsindical.com.ar\/notas\/var\/www\/html\/notas\/wp-content\/uploads\/2014\/01\/super-chino-Villa-Luro.jpg 438w\" sizes=\"auto, (max-width: 300px) 100vw, 300px\" \/><\/a>Un Sargento retirado de la Polic\u00eda Federal fue hoy asesinado de un tiro en el rostro cuando quiso evitar que dos delincuentes huyeran tras robar en el supermercado de due\u00f1os chinos que custodiaba en el barrio porte\u00f1o de V\u00e9lez Sarsfield. Los vecinos llamaron al SAME, aunque cuando los m\u00e9dicos llegaron para asistirlo ya hab\u00eda muerto.<\/em><\/p>\n<p>Un Sargento retirado de la Polic\u00eda Federal fue hoy asesinado de un tiro en el rostro cuando quiso evitar que dos delincuentes huyeran tras robar en el supermercado de due\u00f1os chinos que custodiaba en el barrio porte\u00f1o de V\u00e9lez Sarsfield.<\/p>\n<p>El episodio sucedi\u00f3 a las 09:30 hs. en el comercio situado en Del Corro al 600, donde el polic\u00eda retirado Manuel Romero realizaba tareas de custodia privada.<\/p>\n<p>De acuerdo a los testigos, dos hombres armados llegaron a las inmediaciones del supermercado a bordo de un auto gris, se bajaron, ingresaron y amenazaron a los empleados y clientes con fines de robo.<\/p>\n<p>Los delincuentes se apoderaron del dinero que hab\u00eda en la caja registradora y salieron del local.<\/p>\n<p>La huida de los asaltantes fue advertida por el polic\u00eda retirado que estaba en la calle, quien intent\u00f3 atraparlos, momento en que recibi\u00f3 un tiro en el rostro que lo derrib\u00f3.<\/p>\n<p>Los delincuentes abordaron el auto en el que hab\u00edan llegado, en tanto el polic\u00eda cay\u00f3 al suelo mortalmente herido.<\/p>\n<p>Los vecinos llamaron al SAME, aunque cuando los m\u00e9dicos llegaron para asistirlo ya hab\u00eda muerto.<\/p>\n<p>El cuerpo de Romero, quien se hab\u00eda retirado de la fuerza en 1999, fue trasladado a la morgue judicial para ser sometido a la autopsia de rigor.<\/p>\n<p>En tanto, efectivos de la seccional 43, con jurisdicci\u00f3n en la zona, procuraban obtener testimonios que aporten datos precisos sobre el veh\u00edculo de los asaltantes y rastrear en las c\u00e1maras de seguridad de la zona la huida tras el crimen con el fin de poder identificarlos y localizarlos.<\/p>\n","protected":false},"excerpt":{"rendered":"<p>Un Sargento retirado de la Polic\u00eda Federal fue hoy asesinado de un tiro en el rostro cuando quiso evitar que dos delincuentes huyeran tras robar en el supermercado de due\u00f1os chinos que custodiaba en el barrio porte\u00f1o de V\u00e9lez Sarsfield. Los vecinos llamaron al SAME, aunque cuando los m\u00e9dicos llegaron para asistirlo ya hab\u00eda muerto.&hellip;<\/p>\n","protected":false},"author":1,"featured_media":0,"comment_status":"open","ping_status":"open","sticky":false,"template":"","format":"standard","meta":{"footnotes":""},"categories":[22],"tags":[958,2499,17879,3491],"class_list":["post-40113","post","type-post","status-publish","format-standard","hentry","category-policiales","tag-policia-federal","tag-same","tag-sargento-manuel-romero","tag-villa-luro"],"_links":{"self":[{"href":"https:\/\/www.elsindical.com.ar\/notas\/wp-json\/wp\/v2\/posts\/40113","targetHints":{"allow":["GET"]}}],"collection":[{"href":"https:\/\/www.elsindical.com.ar\/notas\/wp-json\/wp\/v2\/posts"}],"about":[{"href":"https:\/\/www.elsindical.com.ar\/notas\/wp-json\/wp\/v2\/types\/post"}],"author":[{"embeddable":true,"href":"https:\/\/www.elsindical.com.ar\/notas\/wp-json\/wp\/v2\/users\/1"}],"replies":[{"embeddable":true,"href":"https:\/\/www.elsindical.com.ar\/notas\/wp-json\/wp\/v2\/comments?post=40113"}],"version-history":[{"count":1,"href":"https:\/\/www.elsindical.com.ar\/notas\/wp-json\/wp\/v2\/posts\/40113\/revisions"}],"predecessor-version":[{"id":40115,"href":"https:\/\/www.elsindical.com.ar\/notas\/wp-json\/wp\/v2\/posts\/40113\/revisions\/40115"}],"wp:attachment":[{"href":"https:\/\/www.elsindical.com.ar\/notas\/wp-json\/wp\/v2\/media?parent=40113"}],"wp:term":[{"taxonomy":"category","embeddable":true,"href":"https:\/\/www.elsindical.com.ar\/notas\/wp-json\/wp\/v2\/categories?post=40113"},{"taxonomy":"post_tag","embeddable":true,"href":"https:\/\/www.elsindical.com.ar\/notas\/wp-json\/wp\/v2\/tags?post=40113"}],"curies":[{"name":"wp","href":"https:\/\/api.w.org\/{rel}","templated":true}]}}