{"id":40037,"date":"2014-01-06T09:00:27","date_gmt":"2014-01-06T12:00:27","guid":{"rendered":"http:\/\/www.elsindical.com.ar\/notas\/?p=40037"},"modified":"2014-01-06T09:00:27","modified_gmt":"2014-01-06T12:00:27","slug":"mendozaadolescente-de-15-anos-denuncia-que-fue-violada-por-un-joven-que-conocio-en-facebook","status":"publish","type":"post","link":"https:\/\/www.elsindical.com.ar\/notas\/mendozaadolescente-de-15-anos-denuncia-que-fue-violada-por-un-joven-que-conocio-en-facebook\/","title":{"rendered":"Mendoza:Adolescente de 15 a\u00f1os denuncia que fue violada por un joven que conoci\u00f3 en Facebook"},"content":{"rendered":"<p><em><a href=\"http:\/\/www.elsindical.com.ar\/notas\/var\/www\/html\/notas\/wp-content\/uploads\/2011\/03\/v\u00edctima-de-violaci\u00f3n.jpg\"><img loading=\"lazy\" decoding=\"async\" class=\"alignnone size-medium wp-image-12868\" alt=\"v\u00edctima-de-violaci\u00f3n\" src=\"http:\/\/www.elsindical.com.ar\/notas\/var\/www\/html\/notas\/wp-content\/uploads\/2011\/03\/v\u00edctima-de-violaci\u00f3n-300x133.jpg\" width=\"300\" height=\"133\" srcset=\"https:\/\/www.elsindical.com.ar\/notas\/var\/www\/html\/notas\/wp-content\/uploads\/2011\/03\/v\u00edctima-de-violaci\u00f3n-300x133.jpg 300w, https:\/\/www.elsindical.com.ar\/notas\/var\/www\/html\/notas\/wp-content\/uploads\/2011\/03\/v\u00edctima-de-violaci\u00f3n.jpg 413w\" sizes=\"auto, (max-width: 300px) 100vw, 300px\" \/><\/a>En el departamento mendocino de La Paz, una adolescente de 15 a\u00f1os denunci\u00f3 que fue abusada sexualmente por un sujeto que encontr\u00f3 en la red social. El acusado logr\u00f3 la confianza de la v\u00edctima en los tres encuentros previos que tuvieron.<\/em><\/p>\n<div id=\"texto\">\n<p>Un joven de 24 a\u00f1os fue detenido luego de ser se\u00f1alado como el responsable de violar a una adolescente de 15 a\u00f1os con quien se hab\u00eda conocido a trav\u00e9s de la red social <i>Faceboo<\/i>k.<\/p>\n<p>La v\u00edctima asegur\u00f3 que lo conoci\u00f3 a trav\u00e9s de la red social y que se reuni\u00f3 con \u00e9l en tres oportunidades, las cuales fueron aprovechadas por el detenido para <b>ganarse la confianza de la adolescente<\/b>.<\/p>\n<p>Luego de reunirse por tercera vez, el detenido, seg\u00fan el testimonio de la chica, <b>abus\u00f3 sexualmente<\/b> de ella, inform\u00f3 el sitio <i>DiarioUno.com.ar<\/i>.<\/p>\n<p>Una vez conocido el hecho por la Unidad Investigativa de La Paz, se hicieron varias investigaciones hasta dar con el paradero del sospechoso, a quien tambi\u00e9n se le secuestr\u00f3 un tel\u00e9fono celular y qued\u00f3 en custodia de la Oficina Fiscal de La Paz.<\/p>\n<\/div>\n","protected":false},"excerpt":{"rendered":"<p>En el departamento mendocino de La Paz, una adolescente de 15 a\u00f1os denunci\u00f3 que fue abusada sexualmente por un sujeto que encontr\u00f3 en la red social. El acusado logr\u00f3 la confianza de la v\u00edctima en los tres encuentros previos que tuvieron. Un joven de 24 a\u00f1os fue detenido luego de ser se\u00f1alado como el responsable&hellip;<\/p>\n","protected":false},"author":1,"featured_media":0,"comment_status":"open","ping_status":"open","sticky":false,"template":"","format":"standard","meta":{"footnotes":""},"categories":[22],"tags":[219,323,16869,571,271],"class_list":["post-40037","post","type-post","status-publish","format-standard","hentry","category-policiales","tag-facebook","tag-joven","tag-la-paz","tag-mendoza","tag-violacion"],"_links":{"self":[{"href":"https:\/\/www.elsindical.com.ar\/notas\/wp-json\/wp\/v2\/posts\/40037","targetHints":{"allow":["GET"]}}],"collection":[{"href":"https:\/\/www.elsindical.com.ar\/notas\/wp-json\/wp\/v2\/posts"}],"about":[{"href":"https:\/\/www.elsindical.com.ar\/notas\/wp-json\/wp\/v2\/types\/post"}],"author":[{"embeddable":true,"href":"https:\/\/www.elsindical.com.ar\/notas\/wp-json\/wp\/v2\/users\/1"}],"replies":[{"embeddable":true,"href":"https:\/\/www.elsindical.com.ar\/notas\/wp-json\/wp\/v2\/comments?post=40037"}],"version-history":[{"count":1,"href":"https:\/\/www.elsindical.com.ar\/notas\/wp-json\/wp\/v2\/posts\/40037\/revisions"}],"predecessor-version":[{"id":40038,"href":"https:\/\/www.elsindical.com.ar\/notas\/wp-json\/wp\/v2\/posts\/40037\/revisions\/40038"}],"wp:attachment":[{"href":"https:\/\/www.elsindical.com.ar\/notas\/wp-json\/wp\/v2\/media?parent=40037"}],"wp:term":[{"taxonomy":"category","embeddable":true,"href":"https:\/\/www.elsindical.com.ar\/notas\/wp-json\/wp\/v2\/categories?post=40037"},{"taxonomy":"post_tag","embeddable":true,"href":"https:\/\/www.elsindical.com.ar\/notas\/wp-json\/wp\/v2\/tags?post=40037"}],"curies":[{"name":"wp","href":"https:\/\/api.w.org\/{rel}","templated":true}]}}