{"id":39955,"date":"2014-01-02T16:46:02","date_gmt":"2014-01-02T19:46:02","guid":{"rendered":"http:\/\/www.elsindical.com.ar\/notas\/?p=39955"},"modified":"2014-01-02T16:46:02","modified_gmt":"2014-01-02T19:46:02","slug":"solicitan-indagatoria-a-sindicalista-por-enriquecimiento-ilicito","status":"publish","type":"post","link":"https:\/\/www.elsindical.com.ar\/notas\/solicitan-indagatoria-a-sindicalista-por-enriquecimiento-ilicito\/","title":{"rendered":"Solicitan indagatoria a sindicalista por enriquecimiento il\u00edcito"},"content":{"rendered":"<p><a href=\"http:\/\/www.elsindical.com.ar\/notas\/var\/www\/html\/notas\/wp-content\/uploads\/2010\/05\/Ricardo-Cirielli.jpg\"><img loading=\"lazy\" decoding=\"async\" class=\"alignnone size-full wp-image-6865\" alt=\"Ricardo-Cirielli\" src=\"http:\/\/www.elsindical.com.ar\/notas\/var\/www\/html\/notas\/wp-content\/uploads\/2010\/05\/Ricardo-Cirielli.jpg\" width=\"146\" height=\"145\" \/><\/a>El Fiscal federal\u00a0<b>Federico Delgado<\/b> solicit\u00f3 al Juez federal\u00a0<b>Daniel Rafecas <\/b>que indague al gremialista <b>Ricardo Cirielli<\/b>, ex subsecretario de Transporte Aerocomercial durante los primeros a\u00f1os del gobierno kirchnerista. Actualmente el sindicalista est\u00e1 <b>enfrentado al oficialismo.<\/b><\/p>\n<p>El Fiscal federal <b>Federico Delgado<\/b> pidi\u00f3 que el secretario general del gremio de la Asociaci\u00f3n del Personal T\u00e9cnico Aeron\u00e1utico (APTA) sea indagado por el <b>delito de enriquecimiento il\u00edcito<\/b>.<\/p>\n<p>La solicitud de la indagatoria de <b>Cirielli<\/b>, quien fue funcionario p\u00fablico entre 2003 y 2007, est\u00e1 motivada por el incremento de bienes detectado en la investigaci\u00f3n judicial.<\/p>\n<p>El gremialista fue subsecretario de Transporte Aerocomercial mientras <b>Ricardo Jaime <\/b>era el secretario de Transporte de la Naci\u00f3n. La relaci\u00f3n entre ambos, que hab\u00eda sido cordial al principio, termin\u00f3 muy mal: <b>Cirielli fue uno de los m\u00e1s duros denunciantes de los hechos de corrupci\u00f3n que involucran a Jaime<\/b>. Y se alej\u00f3 del kirchnerismo para ser uno de sus principales cr\u00edticos.<\/p>\n<p>El fiscal Delgado investig\u00f3 la evoluci\u00f3n del patrimonio de Cirielli y de sus allegados; para eso cont\u00f3 con la colaboraci\u00f3n de expertos contables de la Fiscal\u00eda Nacional de Investigaciones Administrativas (FIA).<\/p>\n<p>En una primera parte de la investigaci\u00f3n se determin\u00f3 la existencia de <b>una casa a nombre de la madre de Cirielli, una camioneta a nombre de su esposa <\/b>y algunos<b> gastos<\/b> que\u00a0\u00a0ameritaban la profundizaci\u00f3n de la pesquisa.<\/p>\n<p>Para eso, la fiscal\u00eda de Delgado le pidi\u00f3 a la Administraci\u00f3n Federal de Ingresos P\u00fablicos (AFIP) que enviara las <b>declaraciones de impuestos a los bienes personales y a las ganancias de Cirielli y de su entorno familiar<\/b>.<\/p>\n<p>Seg\u00fan dedujo el contador que asisti\u00f3 a Delgado en la investigaci\u00f3n, <b>ni la madre<\/b> (jubilada)<b>, ni la esposa<\/b> (sin actividad laboral)<b> ni el propio Cirielli pueden justificar la evoluci\u00f3n de su patrimonio<\/b>.<\/p>\n<p>En diciembre pasado (el d\u00eda 4), el Fiscal intim\u00f3 a Cirielli a que demostrara c\u00f3mo hizo su patrimonio, porque en los casos de enriquecimiento il\u00edcito el imputado debe demostrar c\u00f3mo consigui\u00f3 el dinero; se invierte la carga de la prueba.<\/p>\n<p>El 20 de diciembre Cirielli pidi\u00f3 pr\u00f3rroga y Delgado se la neg\u00f3. Y el 23 de diciembre el sindicalista le solicit\u00f3 a Rafecas que llame a declarar en indagatoria al sindicalista de los t\u00e9cnicos aeron\u00e1uticos.<\/p>\n<p>El Fiscal tiene a cargo junto a Rafecas otra investigaci\u00f3n sobre Cirielli; en este caso Delgado tambi\u00e9n pidi\u00f3 la indagatoria del sindicalista aeron\u00e1tuco, por haber recibido d\u00e1divas de empresas de aviaci\u00f3n mientras era funcionario p\u00fablico.<\/p>\n<p>El funcionario judicial determin\u00f3 que Cirielli viaj\u00f3 con pasajes de gentileza de buena parte de las empresas a\u00e9reas internacionales que tienen oficinas en el pa\u00eds y de algunas que ofrecen servicios de taxis a\u00e9reos.<\/p>\n<p>Entonces pidi\u00f3 la indagatoria no solo del funcionario que deb\u00eda controlar a las empresas sino tambi\u00e9n de los directivos de aquellas firmas de aviaci\u00f3n que invitaron a Cirielli con pasajes de cortes\u00eda. Cuando comience el a\u00f1o judicial, Rafecas decidir\u00e1 si hace lugar o no al pedido de Delgado.<\/p>\n","protected":false},"excerpt":{"rendered":"<p>El Fiscal federal\u00a0Federico Delgado solicit\u00f3 al Juez federal\u00a0Daniel Rafecas que indague al gremialista Ricardo Cirielli, ex subsecretario de Transporte Aerocomercial durante los primeros a\u00f1os del gobierno kirchnerista. Actualmente el sindicalista est\u00e1 enfrentado al oficialismo. El Fiscal federal Federico Delgado pidi\u00f3 que el secretario general del gremio de la Asociaci\u00f3n del Personal T\u00e9cnico Aeron\u00e1utico (APTA) sea&hellip;<\/p>\n","protected":false},"author":1,"featured_media":0,"comment_status":"open","ping_status":"open","sticky":false,"template":"","format":"standard","meta":{"footnotes":""},"categories":[20],"tags":[1564,406,17808,8627],"class_list":["post-39955","post","type-post","status-publish","format-standard","hentry","category-judiciales","tag-apta","tag-enriquecimiento-ilicito","tag-fiscal-federal-federico-delgado","tag-juez-federal-daniel-rafecas"],"_links":{"self":[{"href":"https:\/\/www.elsindical.com.ar\/notas\/wp-json\/wp\/v2\/posts\/39955","targetHints":{"allow":["GET"]}}],"collection":[{"href":"https:\/\/www.elsindical.com.ar\/notas\/wp-json\/wp\/v2\/posts"}],"about":[{"href":"https:\/\/www.elsindical.com.ar\/notas\/wp-json\/wp\/v2\/types\/post"}],"author":[{"embeddable":true,"href":"https:\/\/www.elsindical.com.ar\/notas\/wp-json\/wp\/v2\/users\/1"}],"replies":[{"embeddable":true,"href":"https:\/\/www.elsindical.com.ar\/notas\/wp-json\/wp\/v2\/comments?post=39955"}],"version-history":[{"count":1,"href":"https:\/\/www.elsindical.com.ar\/notas\/wp-json\/wp\/v2\/posts\/39955\/revisions"}],"predecessor-version":[{"id":39956,"href":"https:\/\/www.elsindical.com.ar\/notas\/wp-json\/wp\/v2\/posts\/39955\/revisions\/39956"}],"wp:attachment":[{"href":"https:\/\/www.elsindical.com.ar\/notas\/wp-json\/wp\/v2\/media?parent=39955"}],"wp:term":[{"taxonomy":"category","embeddable":true,"href":"https:\/\/www.elsindical.com.ar\/notas\/wp-json\/wp\/v2\/categories?post=39955"},{"taxonomy":"post_tag","embeddable":true,"href":"https:\/\/www.elsindical.com.ar\/notas\/wp-json\/wp\/v2\/tags?post=39955"}],"curies":[{"name":"wp","href":"https:\/\/api.w.org\/{rel}","templated":true}]}}