{"id":39945,"date":"2014-01-01T20:51:39","date_gmt":"2014-01-01T23:51:39","guid":{"rendered":"http:\/\/www.elsindical.com.ar\/notas\/?p=39945"},"modified":"2014-01-01T20:51:39","modified_gmt":"2014-01-01T23:51:39","slug":"desde-hoy-el-salario-minimo-vital-y-movil-sube-a-3-600-por-mes","status":"publish","type":"post","link":"https:\/\/www.elsindical.com.ar\/notas\/desde-hoy-el-salario-minimo-vital-y-movil-sube-a-3-600-por-mes\/","title":{"rendered":"Desde hoy, el salario m\u00ednimo vital y m\u00f3vil sube a $3.600 por mes"},"content":{"rendered":"<p><em><a href=\"http:\/\/www.elsindical.com.ar\/notas\/var\/www\/html\/notas\/wp-content\/uploads\/2010\/06\/dinero-pesos.jpg\"><img loading=\"lazy\" decoding=\"async\" class=\"alignnone size-full wp-image-7277\" alt=\"dinero-pesos\" src=\"http:\/\/www.elsindical.com.ar\/notas\/var\/www\/html\/notas\/wp-content\/uploads\/2010\/06\/dinero-pesos.jpg\" width=\"236\" height=\"249\" \/><\/a>Se acord\u00f3 en el \u00faltimo encuentro del Consejo del Salario la Productividad y el Empleo, el 25 de julio. Entonces<b> se estim\u00f3 que ser\u00eda referencia para s\u00f3lo 113.000 trabajadores, sobre\u00a0\u00a0casi 18 millones <\/b>que registra la EPH del Indec porque los base de convenio superan ese rango.<\/em><\/p>\n<p>Sin embargo, los \u00faltimos <b>datos de la EPH correspondiente a la distribuci\u00f3n del ingreso en el tercer trimestre de 2013 dieron cuenta de que sobre 10,63 millones de jefes de hogar <\/b>ocupados el 46%, unos 4,9 millones, <b>recibi\u00f3 menos de los $3.300<\/b> que se estableci\u00f3 para entonces para el SMV.<\/p>\n<p>La mayor parte de ese porcentaje de trabajadores que representaban la ocupaci\u00f3n principal del hogar <b>se puede explicar por su condici\u00f3n de ocupado informal o en negro: 34,6% en el caso de los asalariados<\/b> y 42% si se agrega el conjunto de aut\u00f3nomos e independientes.<\/p>\n<p>Pero los <b>11 puntos porcentuales restantes, en el promedio nacional, obedece a la falta de compromiso de los actores del Consejo Nacional de Empleo, la Productividad y el Salario<\/b>, integrado por representantes del sector sindical, del empresariado y del Poder Ejecutivo Nacional, por asegurar el respeto de valor m\u00ednimo en toda la n\u00f3mina en blanco.<\/p>\n<p>La definici\u00f3n del <b>salario m\u00ednimo vital y m\u00f3vil que se agreg\u00f3 en la reforma constitucional de 1949, <\/b>luego anulado pero vuelto a incorporar en la constituyente de 1957, dice que \u00abes la menor remuneraci\u00f3n que debe percibir en efectivo el trabajador sin cargas de familia por su jornada laboral, para <b>asegurarle la satisfacci\u00f3n de sus necesidades b\u00e1sicas, esto es alimentaci\u00f3n adecuada, vivienda digna, educaci\u00f3n, vestuario, asistencia sanitaria, transporte y esparcimiento, vacaciones y cobertura previsional\u00bb, <\/b>es decir para no caer por debajo de la l\u00ednea de pobreza.<\/p>\n<p>Seg\u00fan esa referencia, <b>en todos los aglomerados urbanos que releva la EPH del Indec se registra una clara violaci\u00f3n de la norma,<\/b> esto es el porcentaje de trabajadores con ingreso menor al SMVM en superior a la proporci\u00f3n de empleados en negro.<\/p>\n<p>Los casos extremos de mayor desv\u00edo se observaron en <b>San Juan 27% de incumplimiento, Jujuy 24%, Misiones 23%, Santiago del Estero 22%, Neuqu\u00e9n 21%, Catamarca y Salta 19%<\/b>, R\u00edo Negro 18% y Entre R\u00edos y La Plata 17 por ciento.<\/p>\n<p>Por el contrario, los que aparecen como<b> m\u00e1s disciplinados, con menos de 5% desv\u00edo se anotan la Ciudad Aut\u00f3noma de Buenos Aires 3,6% y Tierra del Fuego <\/b>4,2 por ciento.<\/p>\n<p>La \u00faltima d\u00e9cada se caracteriz\u00f3 por la<b> improvisaci\u00f3n en materia de ajuste peri\u00f3dico del salario m\u00ednimo vital y m\u00f3vil, en particular en la segunda mitad del per\u00edodo<\/b>, pese a que la tasa de inflaci\u00f3n se sostuvo bien arriba de 20% al a\u00f1o.<\/p>\n<p>Desde la regularizaci\u00f3n institucional, tras el caos que provoc\u00f3 la salida de la convertibilidad con <i>default<\/i>, pesificaci\u00f3n asim\u00e9trica, devaluaci\u00f3n y desendeudamiento <b>se resolvieron 29 ajustes del nivel del SMVM. <\/b><\/p>\n<p>Primero fue en julio de 2003 y luego siguieron seis modificaciones mensuales, luego se elev\u00f3 en enero de 2004 y se lo congel\u00f3 por ocho meses, se actualiz\u00f3 en septiembre de ese a\u00f1o volvi\u00f3 a fijarse por otros ocho meses, continu\u00f3 con tres cambios mensuales y se lo dej\u00f3 fijo por 13 meses, siguieron modificaciones en agosto y septiembre de 2006, luego en noviembre de ese a\u00f1o y se congel\u00f3 por nueve meses.<\/p>\n<p>Al fin de ese per\u00edodo se dispusieron dos correcciones bimestrales y en diciembre de 2007 volvi\u00f3 a establecer un nuevo valor para los ocho meses siguientes, despu\u00e9s se modific\u00f3 por cuatro meses, y se retom\u00f3 el per\u00edodo de cambio a los ocho meses, sigui\u00f3 una suba que rigi\u00f3 por dos meses, luego por cuatro, cinco, seis y cinco meses, y en enero de 2011 se estableci\u00f3 otra vez un ajuste que rigi\u00f3 por ocho meses, luego se cambio y se congel\u00f3 por un a\u00f1o, en septiembre de 2012 se modific\u00f3 y se mantuvo por cinco meses, posteriormente se elev\u00f3 y se fijo por medio a\u00f1o y el 25 de julio \u00faltimo se estableci\u00f3 en $3.300 para el per\u00edodo agosto 2013 a diciembre y $3.600 a partir de enero de 2014, sin fijar fecha de vigencia.<\/p>\n<p>&nbsp;<\/p>\n","protected":false},"excerpt":{"rendered":"<p>Se acord\u00f3 en el \u00faltimo encuentro del Consejo del Salario la Productividad y el Empleo, el 25 de julio. Entonces se estim\u00f3 que ser\u00eda referencia para s\u00f3lo 113.000 trabajadores, sobre\u00a0\u00a0casi 18 millones que registra la EPH del Indec porque los base de convenio superan ese rango. Sin embargo, los \u00faltimos datos de la EPH correspondiente&hellip;<\/p>\n","protected":false},"author":1,"featured_media":0,"comment_status":"open","ping_status":"open","sticky":false,"template":"","format":"standard","meta":{"footnotes":""},"categories":[9],"tags":[17806,17804,17805,17807,125],"class_list":["post-39945","post","type-post","status-publish","format-standard","hentry","category-economia","tag-consejo-del-salario-la-productividad-y-el-empleo","tag-eph","tag-smv","tag-smvm","tag-trabajadores"],"_links":{"self":[{"href":"https:\/\/www.elsindical.com.ar\/notas\/wp-json\/wp\/v2\/posts\/39945","targetHints":{"allow":["GET"]}}],"collection":[{"href":"https:\/\/www.elsindical.com.ar\/notas\/wp-json\/wp\/v2\/posts"}],"about":[{"href":"https:\/\/www.elsindical.com.ar\/notas\/wp-json\/wp\/v2\/types\/post"}],"author":[{"embeddable":true,"href":"https:\/\/www.elsindical.com.ar\/notas\/wp-json\/wp\/v2\/users\/1"}],"replies":[{"embeddable":true,"href":"https:\/\/www.elsindical.com.ar\/notas\/wp-json\/wp\/v2\/comments?post=39945"}],"version-history":[{"count":1,"href":"https:\/\/www.elsindical.com.ar\/notas\/wp-json\/wp\/v2\/posts\/39945\/revisions"}],"predecessor-version":[{"id":39946,"href":"https:\/\/www.elsindical.com.ar\/notas\/wp-json\/wp\/v2\/posts\/39945\/revisions\/39946"}],"wp:attachment":[{"href":"https:\/\/www.elsindical.com.ar\/notas\/wp-json\/wp\/v2\/media?parent=39945"}],"wp:term":[{"taxonomy":"category","embeddable":true,"href":"https:\/\/www.elsindical.com.ar\/notas\/wp-json\/wp\/v2\/categories?post=39945"},{"taxonomy":"post_tag","embeddable":true,"href":"https:\/\/www.elsindical.com.ar\/notas\/wp-json\/wp\/v2\/tags?post=39945"}],"curies":[{"name":"wp","href":"https:\/\/api.w.org\/{rel}","templated":true}]}}