{"id":39738,"date":"2013-12-21T16:11:26","date_gmt":"2013-12-21T19:11:26","guid":{"rendered":"http:\/\/www.elsindical.com.ar\/notas\/?p=39738"},"modified":"2013-12-21T16:11:26","modified_gmt":"2013-12-21T19:11:26","slug":"berni-designo-a-la-nueva-cupula-de-la-policia-federal","status":"publish","type":"post","link":"https:\/\/www.elsindical.com.ar\/notas\/berni-designo-a-la-nueva-cupula-de-la-policia-federal\/","title":{"rendered":"Berni design\u00f3 a la nueva c\u00fapula de la Polic\u00eda Federal"},"content":{"rendered":"<p><em><a href=\"http:\/\/www.elsindical.com.ar\/notas\/var\/www\/html\/notas\/wp-content\/uploads\/2013\/12\/gorra-oficial-superior.jpg\"><img loading=\"lazy\" decoding=\"async\" class=\"alignnone size-medium wp-image-39740\" alt=\"gorra-oficial-superior\" src=\"http:\/\/www.elsindical.com.ar\/notas\/var\/www\/html\/notas\/wp-content\/uploads\/2013\/12\/gorra-oficial-superior-300x224.jpg\" width=\"300\" height=\"224\" srcset=\"https:\/\/www.elsindical.com.ar\/notas\/var\/www\/html\/notas\/wp-content\/uploads\/2013\/12\/gorra-oficial-superior-300x224.jpg 300w, https:\/\/www.elsindical.com.ar\/notas\/var\/www\/html\/notas\/wp-content\/uploads\/2013\/12\/gorra-oficial-superior-400x300.jpg 400w, https:\/\/www.elsindical.com.ar\/notas\/var\/www\/html\/notas\/wp-content\/uploads\/2013\/12\/gorra-oficial-superior.jpg 502w\" sizes=\"auto, (max-width: 300px) 100vw, 300px\" \/><\/a>El secretario de Seguridad de la Naci\u00f3n, Sergio Berni, pidi\u00f3 la baja los superintendentes de Investigaciones Federales y de Transporte.<\/em><\/p>\n<p>El secretario de Seguridad de la Naci\u00f3n, Sergio Berni, y el jefe de la Polic\u00eda Federal, comisario general Rom\u00e1n Di Santo, designaron la nueva c\u00fapula de la fuerza, con dos cambios, ya que pidieron la baja los superintendentes de Investigaciones Federales y de Transporte.<\/p>\n<p>Fuentes policiales informaron a Noticias Argentinas que los nombramientos fueron oficializados en el Orden del D\u00eda Interno, y las dos modificaciones se debieron a los retiros de ambos uniformados.<\/p>\n<p>En ese sentido, hace algo m\u00e1s de un mes se hab\u00eda conformado a los nuevos superintendentes, pero en esta ocasi\u00f3n volvieron los cambios, pero obligados.<\/p>\n<p>En Investigaciones Federales, el comisario general Jos\u00e9 Novoa, a\u00fan con licencia por seis meses pero cuando vuelva autom\u00e1ticamente se le otorgar\u00e1 el retiro voluntario que solicit\u00f3, fue sustituido por el comisario mayor Rodolfo Bierwerth, quien adem\u00e1s seguir\u00e1 haci\u00e9ndose cargo por el momento de la Direcci\u00f3n General de Inteligencia Criminal.<\/p>\n<p>En tanto, en Transporte, el comisario mayor Ricardo Torre, en igual situaci\u00f3n que Novoa, ser\u00e1 reemplazado por el comisario mayor Jos\u00e9 Luis Rodr\u00edguez.<\/p>\n<p>Si bien Novoa pidi\u00f3 el retiro, Investigaciones ven\u00eda siendo muy cuestionada con algunos procedimientos tanto en el \u00e1mbito delictivo como en el comunicacional.<\/p>\n<p>Uno de los casos m\u00e1s resonantes se produjo el 23 de mayo pasado cuando Polic\u00eda Federal detuvo a 51 hinchas y barras de Boca por la entonces fuga del barra Maximiliano Mazzaro y desde la Superintendencia que encabezaba Novoa informaron de manera directa y sin dar aviso al Ministerio de Seguridad -encargado habitual de dar a conocer noticias a la prensa- que entre los apresados estaba el protesorero \u00abxeneize\u00bb, Marcelo London.<\/p>\n<p>Sin embargo, Investigaciones Federales nunca se rectific\u00f3 de la informaci\u00f3n y tuvo que ser desmentida por Boca y la cartera de Seguridad que entonces estaba a cargo de Nilda Garr\u00e9.<\/p>\n<p>\u00abEsa Superintendencia manejaba, muchas veces de manera independiente la informaci\u00f3n sobre hechos delictivos, pasando por encima del encargado de prensa que hay en la fuerza. Eso provoc\u00f3 el enojo del Ministerio de Seguridad y del mismo Di Santo\u00bb, revel\u00f3 un jefe policial a NA.<\/p>\n<p>Por su parte, los recientemente ascendidos a comisario general en la fuerza seguir\u00e1n en sus cargos: Roque Carlos Luna en la Superintendencia de Interior y Delitos Federales Complejos, Rub\u00e9n Spettoli en la Superintendencia de Personal, Instrucci\u00f3n y Derechos Humanos y Hugo Lescano en la Superintendencia Federal de Tecnolog\u00edas de la informaci\u00f3n y comunicaciones.<\/p>\n<p>Por su parte, como n\u00famero tres en la c\u00fapula se mantendr\u00e1 el comisario mayor Guillermo Calvi\u00f1o (Superintendencia de Seguridad Metropolitana), mientras que la primera mujer en llegar a comisario mayor, Mabel Franco, fue ratificada por segundo a\u00f1o consecutivo en Asuntos Internos.<\/p>\n<p>En tanto, el comisario general Sebasti\u00e1n Seggio se mantendr\u00e1 como superintendente de Planificaci\u00f3n y Desarrollo, entre los principales cargos, al igual que el comisario general H\u00e9ctor De Vargas en Polic\u00eda Cient\u00edfica.<\/p>\n<p>De esta manera, con las Superintendencias designadas, s\u00f3lo faltan que se nombren a los nuevos directores en la c\u00fapula y a los comisarios a cargo de las seccionales porte\u00f1as de la Polic\u00eda Federal, algo que se dar\u00e1 en los pr\u00f3ximos d\u00edas.<\/p>\n<p><strong>La siguiente es la n\u00f3mina de la plana mayor: <\/strong> Jefe de la Polic\u00eda Federal: comisario general Rom\u00e1n Di Santo.<\/p>\n<p>Subjefe de la Polic\u00eda Federal: comisario general H\u00e9ctor T\u00e9bes.<\/p>\n<p>Superintendencia de Bienestar: comisario general Horacio Torlasco.<\/p>\n<p>Superintendencia de Planificaci\u00f3n y Desarrollo: comisario general Sebasti\u00e1n Seggio.<\/p>\n<p>Superintendencia de Administraci\u00f3n: comisario general Carlos Boniforti.<\/p>\n<p>Superintendencia de Polic\u00eda Cient\u00edfica: comisario general H\u00e9ctor De Vargas.<\/p>\n<p><strong>Superintendencia de Interior y Delitos Federales Complejos: <\/strong>Comisario general Roque Carlos Luna.<\/p>\n<p><strong>Superintendencia de Personal, Instrucci\u00f3n y Derechos Humanos: <\/strong>comisario general Rub\u00e9n Spettoli.<\/p>\n<p><strong>Superintendencia Federal de Tecnolog\u00edas de la informaci\u00f3n y c<\/strong>omunicaciones:Comisario general Hugo Lescano.<\/p>\n<p><strong>Superintendencia Federal de Bomberos:<\/strong> comisario general Arturo Mart\u00ednez.<\/p>\n<p><strong>Superintendencia Federal de Transporte<\/strong>: comisario mayor Jos\u00e9 Luis Rodr\u00edguez.<\/p>\n<p><strong>Superintendencia de Investigaciones Federales con retenci\u00f3n de la Direcci\u00f3n General de Inteligencia Criminal:<\/strong> comisario mayor Rodolfo Biewerth.<\/p>\n<p><strong>Superintendencia de Asuntos Internos<\/strong>: comisario mayor Mabel Franco.<\/p>\n<p><strong>Superintendencia de Seguridad Metropolitana<\/strong>: comisario mayor Guillermo Calvi\u00f1o.<\/p>\n","protected":false},"excerpt":{"rendered":"<p>El secretario de Seguridad de la Naci\u00f3n, Sergio Berni, pidi\u00f3 la baja los superintendentes de Investigaciones Federales y de Transporte. El secretario de Seguridad de la Naci\u00f3n, Sergio Berni, y el jefe de la Polic\u00eda Federal, comisario general Rom\u00e1n Di Santo, designaron la nueva c\u00fapula de la fuerza, con dos cambios, ya que pidieron la&hellip;<\/p>\n","protected":false},"author":1,"featured_media":0,"comment_status":"open","ping_status":"open","sticky":false,"template":"","format":"standard","meta":{"footnotes":""},"categories":[22],"tags":[17746,17747,502,11727],"class_list":["post-39738","post","type-post","status-publish","format-standard","hentry","category-policiales","tag-cupula","tag-orden-del-dia","tag-policia-federal-argentina","tag-sergio-berni"],"_links":{"self":[{"href":"https:\/\/www.elsindical.com.ar\/notas\/wp-json\/wp\/v2\/posts\/39738","targetHints":{"allow":["GET"]}}],"collection":[{"href":"https:\/\/www.elsindical.com.ar\/notas\/wp-json\/wp\/v2\/posts"}],"about":[{"href":"https:\/\/www.elsindical.com.ar\/notas\/wp-json\/wp\/v2\/types\/post"}],"author":[{"embeddable":true,"href":"https:\/\/www.elsindical.com.ar\/notas\/wp-json\/wp\/v2\/users\/1"}],"replies":[{"embeddable":true,"href":"https:\/\/www.elsindical.com.ar\/notas\/wp-json\/wp\/v2\/comments?post=39738"}],"version-history":[{"count":2,"href":"https:\/\/www.elsindical.com.ar\/notas\/wp-json\/wp\/v2\/posts\/39738\/revisions"}],"predecessor-version":[{"id":39741,"href":"https:\/\/www.elsindical.com.ar\/notas\/wp-json\/wp\/v2\/posts\/39738\/revisions\/39741"}],"wp:attachment":[{"href":"https:\/\/www.elsindical.com.ar\/notas\/wp-json\/wp\/v2\/media?parent=39738"}],"wp:term":[{"taxonomy":"category","embeddable":true,"href":"https:\/\/www.elsindical.com.ar\/notas\/wp-json\/wp\/v2\/categories?post=39738"},{"taxonomy":"post_tag","embeddable":true,"href":"https:\/\/www.elsindical.com.ar\/notas\/wp-json\/wp\/v2\/tags?post=39738"}],"curies":[{"name":"wp","href":"https:\/\/api.w.org\/{rel}","templated":true}]}}