{"id":39671,"date":"2013-12-18T07:34:07","date_gmt":"2013-12-18T10:34:07","guid":{"rendered":"http:\/\/www.elsindical.com.ar\/notas\/?p=39671"},"modified":"2013-12-18T07:34:07","modified_gmt":"2013-12-18T10:34:07","slug":"floresdetienen-a-jefe-narco-con-30-kilos-de-cocaina","status":"publish","type":"post","link":"https:\/\/www.elsindical.com.ar\/notas\/floresdetienen-a-jefe-narco-con-30-kilos-de-cocaina\/","title":{"rendered":"Flores:Detienen a jefe narco con 30 kilos de coca\u00edna"},"content":{"rendered":"<p><em><a href=\"http:\/\/www.elsindical.com.ar\/notas\/var\/www\/html\/notas\/wp-content\/uploads\/2013\/06\/Tizas-de-coca\u00edna-Quilmes.jpg\"><img loading=\"lazy\" decoding=\"async\" class=\"alignnone size-medium wp-image-35268\" alt=\"Tizas-de-coca\u00edna-Quilmes\" src=\"http:\/\/www.elsindical.com.ar\/notas\/var\/www\/html\/notas\/wp-content\/uploads\/2013\/06\/Tizas-de-coca\u00edna-Quilmes-300x190.jpg\" width=\"300\" height=\"190\" srcset=\"https:\/\/www.elsindical.com.ar\/notas\/var\/www\/html\/notas\/wp-content\/uploads\/2013\/06\/Tizas-de-coca\u00edna-Quilmes-300x190.jpg 300w, https:\/\/www.elsindical.com.ar\/notas\/var\/www\/html\/notas\/wp-content\/uploads\/2013\/06\/Tizas-de-coca\u00edna-Quilmes.jpg 443w\" sizes=\"auto, (max-width: 300px) 100vw, 300px\" \/><\/a>El hombre est\u00e1 acusado de ser el l\u00edder de una organizaci\u00f3n de traficantes de droga. Fue detenido cuando transportaba 30 kilos de coca\u00edna en una camioneta.\u00a0<\/em><\/p>\n<div id=\"texto\">\n<p>Seg\u00fan informaron fuentes policiales, un hombre acusado de ser el jefe de una organizaci\u00f3n de traficantes de drogas fue detenido en el barrio de Flores cuando transportaba 30 kilos de coca\u00edna en una camioneta.<\/p>\n<p>El procedimiento se efectu\u00f3 en Del Barco Centenera al 2100 en la zona del Bajo Flores cuando el traficante, conocido como <i>\u201cEl Bolita Monta\u00f1o\u201d,<\/i> sal\u00eda de su vivienda en una Renault Kangoo, en la que llevaba para su distribuci\u00f3n 3.000 tizas de coca\u00edna, con un peso total de 30 kilos de esa droga.<\/p>\n<p>De acuerdo al informe, tras la detenci\u00f3n se realizaron dos allanamientos en casas de la Villa 1-11-14 del Bajo Flores, donde se incautaron elementos de corte y estiramiento de la droga, balanzas, prensas, cintas de embalar y documentaci\u00f3n.<\/p>\n<p>El \u201cBolita Monta\u00f1o\u201d se encontraba pr\u00f3fugo de la Justicia desde junio, cuando la Subdelegaci\u00f3n de Drogas Il\u00edcitas de Pilar detuvo a 12 personas, 9 argentinos y 3 bolivianos, en 10 allanamientos durante los cuales se incautaron 10 kilos de coca\u00edna, 3 veh\u00edculos, 5 armas de fuego, 37.350 pesos y 50.000 d\u00f3lares ap\u00f3crifos.<\/p>\n<p>Fuentes policiales se\u00f1alaron que en ese operativo, denominado\u00a0 \u201cCorredor Norte II\u201d y a cargo del Juzgado Federal de Tres de Febrero de <b>Juan Manuel Culotta,<\/b> se desarticul\u00f3 a una importante banda de narcotraficantes.<\/p>\n<p>El ahora detenido hab\u00eda logrado fugarse durante ese operativo y\u00a0 rearmar una nueva estructura delictiva, contratando integrantes para fraccionar y distribuir estupefaciente en la porte\u00f1a Villa 1-11-14,\u00a0 y en las localidades bonaerenses de Pablo Podest\u00e1, Loma Hermosa y Mart\u00edn Coronado, del partido de Tres de Febrero, y en barrios de San Mart\u00edn.<\/p>\n<\/div>\n","protected":false},"excerpt":{"rendered":"<p>El hombre est\u00e1 acusado de ser el l\u00edder de una organizaci\u00f3n de traficantes de droga. Fue detenido cuando transportaba 30 kilos de coca\u00edna en una camioneta.\u00a0 Seg\u00fan informaron fuentes policiales, un hombre acusado de ser el jefe de una organizaci\u00f3n de traficantes de drogas fue detenido en el barrio de Flores cuando transportaba 30 kilos&hellip;<\/p>\n","protected":false},"author":1,"featured_media":0,"comment_status":"open","ping_status":"open","sticky":false,"template":"","format":"standard","meta":{"footnotes":""},"categories":[22],"tags":[43,1514,17714,30,9533],"class_list":["post-39671","post","type-post","status-publish","format-standard","hentry","category-policiales","tag-cocaina","tag-flores","tag-juan-manuel-culotta","tag-policia","tag-tizas"],"_links":{"self":[{"href":"https:\/\/www.elsindical.com.ar\/notas\/wp-json\/wp\/v2\/posts\/39671","targetHints":{"allow":["GET"]}}],"collection":[{"href":"https:\/\/www.elsindical.com.ar\/notas\/wp-json\/wp\/v2\/posts"}],"about":[{"href":"https:\/\/www.elsindical.com.ar\/notas\/wp-json\/wp\/v2\/types\/post"}],"author":[{"embeddable":true,"href":"https:\/\/www.elsindical.com.ar\/notas\/wp-json\/wp\/v2\/users\/1"}],"replies":[{"embeddable":true,"href":"https:\/\/www.elsindical.com.ar\/notas\/wp-json\/wp\/v2\/comments?post=39671"}],"version-history":[{"count":1,"href":"https:\/\/www.elsindical.com.ar\/notas\/wp-json\/wp\/v2\/posts\/39671\/revisions"}],"predecessor-version":[{"id":39672,"href":"https:\/\/www.elsindical.com.ar\/notas\/wp-json\/wp\/v2\/posts\/39671\/revisions\/39672"}],"wp:attachment":[{"href":"https:\/\/www.elsindical.com.ar\/notas\/wp-json\/wp\/v2\/media?parent=39671"}],"wp:term":[{"taxonomy":"category","embeddable":true,"href":"https:\/\/www.elsindical.com.ar\/notas\/wp-json\/wp\/v2\/categories?post=39671"},{"taxonomy":"post_tag","embeddable":true,"href":"https:\/\/www.elsindical.com.ar\/notas\/wp-json\/wp\/v2\/tags?post=39671"}],"curies":[{"name":"wp","href":"https:\/\/api.w.org\/{rel}","templated":true}]}}