{"id":39665,"date":"2013-12-18T00:55:52","date_gmt":"2013-12-18T03:55:52","guid":{"rendered":"http:\/\/www.elsindical.com.ar\/notas\/?p=39665"},"modified":"2013-12-18T00:55:52","modified_gmt":"2013-12-18T03:55:52","slug":"lugares-donde-pueden-reclamar-los-usuarios-del-partido-de-avellaneda-por-los-cortes-de-luz","status":"publish","type":"post","link":"https:\/\/www.elsindical.com.ar\/notas\/lugares-donde-pueden-reclamar-los-usuarios-del-partido-de-avellaneda-por-los-cortes-de-luz\/","title":{"rendered":"Lugares donde pueden reclamar los usuarios del partido de Avellaneda por los cortes de luz"},"content":{"rendered":"<p><a href=\"http:\/\/www.elsindical.com.ar\/notas\/var\/www\/html\/notas\/wp-content\/uploads\/2012\/01\/corte-de-luz.jpg\"><img loading=\"lazy\" decoding=\"async\" class=\"alignnone size-medium wp-image-20302\" alt=\"corte-de-luz\" src=\"http:\/\/www.elsindical.com.ar\/notas\/var\/www\/html\/notas\/wp-content\/uploads\/2012\/01\/corte-de-luz-300x240.jpg\" width=\"300\" height=\"240\" srcset=\"https:\/\/www.elsindical.com.ar\/notas\/var\/www\/html\/notas\/wp-content\/uploads\/2012\/01\/corte-de-luz-300x240.jpg 300w, https:\/\/www.elsindical.com.ar\/notas\/var\/www\/html\/notas\/wp-content\/uploads\/2012\/01\/corte-de-luz.jpg 325w\" sizes=\"auto, (max-width: 300px) 100vw, 300px\" \/><\/a>Acabo de hacer menci\u00f3n para los que no lo saben d\u00f3nde reclamar por los cortes de energ\u00eda contra la empresa EDESUR S.A Existe un organismo nacional el ENRE, con domicilio en ATENCI\u00d3N DE USUARIOS<\/p>\n<p>Suipacha 615<br \/>\nC1008AAM &#8211; Buenos Aires &#8211; Argentina<br \/>\nTel: 0800-333-3000 &#8211; Fax: 0800-333-5962<br \/>\nApartado Gratuito N\u00b0 505 &#8211; Correo Argentino.<\/p>\n<p>El consejo es que los damnificados realicen el llamado al n\u00famero que est\u00e1 en la factura de luz, o el cero 800 de atenci\u00f3n a usuarios, independientemente de este organismo nacional a nivel local est\u00e1 la posibilidad de ir a <a href=\"https:\/\/www.facebook.com\/defensaconsumidoravellaneda\" data-hovercard=\"\/ajax\/hovercard\/user.php?id=100001949597470&amp;extragetparams=%7B%22directed_target_id%22%3A0%7D\">Defensa Del Consumidor Avellaneda<\/a> o al Defensor del Pueblo de Avellaneda, a cargo de Sebasti\u00e1n <a href=\"https:\/\/www.facebook.com\/defensoria.vinagre\" data-hovercard=\"\/ajax\/hovercard\/user.php?id=100001150100360&amp;extragetparams=%7B%22directed_target_id%22%3A0%7D\">Defensoria Vinagre<\/a>.<\/p>\n","protected":false},"excerpt":{"rendered":"<p>Acabo de hacer menci\u00f3n para los que no lo saben d\u00f3nde reclamar por los cortes de energ\u00eda contra la empresa EDESUR S.A Existe un organismo nacional el ENRE, con domicilio en ATENCI\u00d3N DE USUARIOS Suipacha 615 C1008AAM &#8211; Buenos Aires &#8211; Argentina Tel: 0800-333-3000 &#8211; Fax: 0800-333-5962 Apartado Gratuito N\u00b0 505 &#8211; Correo Argentino. El&hellip;<\/p>\n","protected":false},"author":1,"featured_media":0,"comment_status":"open","ping_status":"open","sticky":false,"template":"","format":"standard","meta":{"footnotes":""},"categories":[6],"tags":[],"class_list":["post-39665","post","type-post","status-publish","format-standard","hentry","category-denuncias"],"_links":{"self":[{"href":"https:\/\/www.elsindical.com.ar\/notas\/wp-json\/wp\/v2\/posts\/39665","targetHints":{"allow":["GET"]}}],"collection":[{"href":"https:\/\/www.elsindical.com.ar\/notas\/wp-json\/wp\/v2\/posts"}],"about":[{"href":"https:\/\/www.elsindical.com.ar\/notas\/wp-json\/wp\/v2\/types\/post"}],"author":[{"embeddable":true,"href":"https:\/\/www.elsindical.com.ar\/notas\/wp-json\/wp\/v2\/users\/1"}],"replies":[{"embeddable":true,"href":"https:\/\/www.elsindical.com.ar\/notas\/wp-json\/wp\/v2\/comments?post=39665"}],"version-history":[{"count":1,"href":"https:\/\/www.elsindical.com.ar\/notas\/wp-json\/wp\/v2\/posts\/39665\/revisions"}],"predecessor-version":[{"id":39666,"href":"https:\/\/www.elsindical.com.ar\/notas\/wp-json\/wp\/v2\/posts\/39665\/revisions\/39666"}],"wp:attachment":[{"href":"https:\/\/www.elsindical.com.ar\/notas\/wp-json\/wp\/v2\/media?parent=39665"}],"wp:term":[{"taxonomy":"category","embeddable":true,"href":"https:\/\/www.elsindical.com.ar\/notas\/wp-json\/wp\/v2\/categories?post=39665"},{"taxonomy":"post_tag","embeddable":true,"href":"https:\/\/www.elsindical.com.ar\/notas\/wp-json\/wp\/v2\/tags?post=39665"}],"curies":[{"name":"wp","href":"https:\/\/api.w.org\/{rel}","templated":true}]}}