{"id":3964,"date":"2010-02-25T10:32:13","date_gmt":"2010-02-25T13:32:13","guid":{"rendered":"http:\/\/www.elsindical.com.ar\/notas\/?p=3964"},"modified":"2010-02-25T10:32:13","modified_gmt":"2010-02-25T13:32:13","slug":"moron-intentan-asaltar-a-la-custodia-de-un-juez-un-muerto-y-un-herido","status":"publish","type":"post","link":"https:\/\/www.elsindical.com.ar\/notas\/moron-intentan-asaltar-a-la-custodia-de-un-juez-un-muerto-y-un-herido\/","title":{"rendered":"Mor\u00f3n: Intentan asaltar a la custodia de un juez, un muerto y un herido"},"content":{"rendered":"<div id=\"cope\" style=\"text-align: justify;\"><a href=\"http:\/\/www.elsindical.com.ar\/notas\/var\/www\/html\/notas\/wp-content\/uploads\/2010\/02\/delincuente-muerto-en-Caste.jpg\"><img loading=\"lazy\" decoding=\"async\" class=\"alignleft size-full wp-image-3965\" title=\"delincuente-muerto-en-Caste\" src=\"http:\/\/www.elsindical.com.ar\/notas\/var\/www\/html\/notas\/wp-content\/uploads\/2010\/02\/delincuente-muerto-en-Caste.jpg\" alt=\"\" width=\"198\" height=\"149\" \/><\/a>Un asaltante muri\u00f3 y otro result\u00f3 herido esta ma\u00f1ana luego de tirotearse con el custodio del juez Ricardo Borinsky en la puerta de su casa en la localidad bonaerense de Castelar, partido de Mor\u00f3n. El hecho ocurri\u00f3 en la intersecci\u00f3n de las calles Merlo y Arias y, seg\u00fan explic\u00f3 la polic\u00eda, los delincuentes \u201cdesconoc\u00edan que los integrantes de la seguridad del juez pertenec\u00edan a fuerzas policiales\u201d.<\/div>\n<div style=\"text-align: justify;\"><strong>Un delincuente muri\u00f3 y otro result\u00f3 herido a balazos tras tirotearse\u00a0con la custodia de un juez al que hab\u00edan intentado asaltar, en la localidad bonaerense de Castelar.<\/strong><\/p>\n<p>Fuentes policiales informaron esta ma\u00f1ana que la v\u00edctima del intento de robo fue <strong>el juez Ricardo Borinsky, <\/strong>quien se desempe\u00f1a en los Tribunales de La Plata y\u00a0sali\u00f3 ileso del episodio, de acuerdo con lo indicado por los voceros consultados.<\/p>\n<p>La custodia del magistrado\u00a0enfrent\u00f3 a los delincuentes y en ese marco, uno de los ladrones, que tendr\u00eda entre 18 y 20 a\u00f1os,\u00a0cay\u00f3 muerto en el lugar de los hechos, mientras que una segunda persona, de 17 a\u00f1os,\u00a0termin\u00f3 herida.<\/p>\n<p>El hecho ocurri\u00f3 alrededor de\u00a0las <strong>6:45 en la intersecci\u00f3n de las calles Merlo y Arias<\/strong>, del partido de Mor\u00f3n, y seg\u00fan se explic\u00f3, los asaltantes desconoc\u00edan que los integrantes de\u00a0la custodia del juez pertenecen a\u00a0fuerzas policiales.<\/p>\n<p>El juez se desempe\u00f1a en la Sala III del Tribunal de Casaci\u00f3n Penal bonaerense, con sede en la ciudad de La Plata.<\/p>\n<p>De acuerdo con lo se\u00f1alado por el titular de la Jefatura\u00a0 Departamental de Mor\u00f3n, Sergio Bianchi,\u00a0<strong>los delincuentes intentaron asaltar al custodio y al chofer del juez para llevarse sus pertenencias y aparentemente tambi\u00e9n para apoderarse del auto. <\/strong><\/p>\n<p>En declaraciones a <strong>C5N<\/strong>, Bianchi asegur\u00f3 que eran dos y no tres los asaltantes, como se hab\u00eda estimado en un primer\u00a0 momento.\u00a0<\/p>\n<p><strong>El veh\u00edculo fue utilizado para ir\u00a0a buscar al magistrado a su casa, para llevarlo a su despacho en la capital bonaerense.<\/strong><\/p>\n<p>Cuando los ladrones amenazaron a los ocupantes del auto,<strong> el custodio se resisti\u00f3 al intento de robo y en ese momento se desencaden\u00f3 el tiroteo.<\/strong><\/p>\n<p>El cuerpo sin vida de uno de los ladrones\u00a0qued\u00f3 tirado en la vereda, a metros del lugar de los hechos, mientras que el otro joven, que cay\u00f3 baleado, fue llevado de urgencia al Hospital Posadas, donde qued\u00f3 internado bajo custodia <strong>con una herida en el cuello<\/strong>.<\/p>\n<p>Seg\u00fan lo se\u00f1alado, en el momento del enfrentamiento el juez estaba dentro de su casa y no sufri\u00f3 ninguna lesi\u00f3n.<\/p>\n<p>Personal de la comisar\u00eda s\u00e9ptima de Mor\u00f3n detuvo al ladr\u00f3n\u00a0y secuestr\u00f3 en\u00a0el lugar\u00a0dos pistolas calibre\u00a09 mil\u00edmetros.<\/p><\/div>\n","protected":false},"excerpt":{"rendered":"<p>Un asaltante muri\u00f3 y otro result\u00f3 herido esta ma\u00f1ana luego de tirotearse con el custodio del juez Ricardo Borinsky en la puerta de su casa en la localidad bonaerense de Castelar, partido de Mor\u00f3n. El hecho ocurri\u00f3 en la intersecci\u00f3n de las calles Merlo y Arias y, seg\u00fan explic\u00f3 la polic\u00eda, los delincuentes \u201cdesconoc\u00edan que&hellip;<\/p>\n","protected":false},"author":1,"featured_media":0,"comment_status":"open","ping_status":"open","sticky":false,"template":"","format":"standard","meta":{"footnotes":""},"categories":[22],"tags":[196,148,189,1932,1838,30,2070],"class_list":["post-3964","post","type-post","status-publish","format-standard","hentry","category-policiales","tag-delincuente","tag-herido","tag-juez","tag-moron","tag-muerto","tag-policia","tag-ricardo-borinsky"],"_links":{"self":[{"href":"https:\/\/www.elsindical.com.ar\/notas\/wp-json\/wp\/v2\/posts\/3964","targetHints":{"allow":["GET"]}}],"collection":[{"href":"https:\/\/www.elsindical.com.ar\/notas\/wp-json\/wp\/v2\/posts"}],"about":[{"href":"https:\/\/www.elsindical.com.ar\/notas\/wp-json\/wp\/v2\/types\/post"}],"author":[{"embeddable":true,"href":"https:\/\/www.elsindical.com.ar\/notas\/wp-json\/wp\/v2\/users\/1"}],"replies":[{"embeddable":true,"href":"https:\/\/www.elsindical.com.ar\/notas\/wp-json\/wp\/v2\/comments?post=3964"}],"version-history":[{"count":1,"href":"https:\/\/www.elsindical.com.ar\/notas\/wp-json\/wp\/v2\/posts\/3964\/revisions"}],"predecessor-version":[{"id":3966,"href":"https:\/\/www.elsindical.com.ar\/notas\/wp-json\/wp\/v2\/posts\/3964\/revisions\/3966"}],"wp:attachment":[{"href":"https:\/\/www.elsindical.com.ar\/notas\/wp-json\/wp\/v2\/media?parent=3964"}],"wp:term":[{"taxonomy":"category","embeddable":true,"href":"https:\/\/www.elsindical.com.ar\/notas\/wp-json\/wp\/v2\/categories?post=3964"},{"taxonomy":"post_tag","embeddable":true,"href":"https:\/\/www.elsindical.com.ar\/notas\/wp-json\/wp\/v2\/tags?post=3964"}],"curies":[{"name":"wp","href":"https:\/\/api.w.org\/{rel}","templated":true}]}}