{"id":39619,"date":"2013-12-16T14:30:19","date_gmt":"2013-12-16T17:30:19","guid":{"rendered":"http:\/\/www.elsindical.com.ar\/notas\/?p=39619"},"modified":"2013-12-16T14:30:19","modified_gmt":"2013-12-16T17:30:19","slug":"que-ladren-ni-un-paso-atras","status":"publish","type":"post","link":"https:\/\/www.elsindical.com.ar\/notas\/que-ladren-ni-un-paso-atras\/","title":{"rendered":"!Que ladren\u00a1 ni un paso atr\u00e1s"},"content":{"rendered":"<p><a href=\"http:\/\/www.elsindical.com.ar\/notas\/var\/www\/html\/notas\/wp-content\/uploads\/2013\/12\/Silvia-Cuello.jpg\"><img loading=\"lazy\" decoding=\"async\" class=\"alignnone size-medium wp-image-39620\" alt=\"Silvia-Cuello\" src=\"http:\/\/www.elsindical.com.ar\/notas\/var\/www\/html\/notas\/wp-content\/uploads\/2013\/12\/Silvia-Cuello-300x225.jpg\" width=\"300\" height=\"225\" srcset=\"https:\/\/www.elsindical.com.ar\/notas\/var\/www\/html\/notas\/wp-content\/uploads\/2013\/12\/Silvia-Cuello-300x225.jpg 300w, https:\/\/www.elsindical.com.ar\/notas\/var\/www\/html\/notas\/wp-content\/uploads\/2013\/12\/Silvia-Cuello-400x300.jpg 400w, https:\/\/www.elsindical.com.ar\/notas\/var\/www\/html\/notas\/wp-content\/uploads\/2013\/12\/Silvia-Cuello.jpg 620w\" sizes=\"auto, (max-width: 300px) 100vw, 300px\" \/><\/a>La sociedad argentina, suele tener algunos personajes que no tienen capacidad de razonamiento, que se mueven y hablan por costumbre, que prefieren la fiesta a enriquecer su conocimiento y viven as\u00ed como hablan y escriben.<\/p>\n<p>Desde el Multimedios El Sindical, hemos solicitado ya hace unos meses, informes sobre las habilitaciones de varios comercios del partido de Avellaneda, algunos muy conocidos en el partido y varios de ellos concurridos por los sectores de poder locales como ser pol\u00edticos, periodistas, polic\u00edas, funcionarios municipales y hasta los \u00abconocidos muchachos\u00bb que dir\u00eda Sabina \u00abpierden la calma por la coca\u00edna\u00bb.<\/p>\n<p>En Avellaneda, muchos nos conocemos y resulta muy gracioso cuando hay quienes intentan convencer a la gente que no est\u00e1 informada de que muchos de estos lugares son familiares, de que la gente es honesta y que todos van a misa. Para ser honesto, y ser congruente con el concepto de lo que implica ser honesto, una persona honesta no puede apoyar la apertura de un comercio que no est\u00e1 habilitado, que tiene una vieja deuda con el municipio, que no esta inscripto como corresponde, que los ingresos brutos no se adecuan y adem\u00e1s quien dice ser la due\u00f1a, ha podido trabajar a diferencia de cualquier otro vecino, sin que tuviera inspecciones o se hiciera caso a las denuncias por ruidos molestos de los vecinos que deben escuchar m\u00fasica cuando quieren dormir porque el lugar no est\u00e1 adecuado ac\u00fasticamente.<\/p>\n<p>Ser honesto y gente de bien, es no intimidar, insultar o amenazar a quien busca evitar una tragedia, cuando el local no posee una salida que permita como deber\u00eda ser, el ingreso y evacuaci\u00f3n, ya que las dimensiones de la \u00fanica puerta son ajustadas. Apoyar esto es como apoyar que cualquiera con contactos pueda hacer lo que quiera, y no solo eso, que se le d\u00e9 un Nextel pagado por el municipio con los recursos de todos los vecinos, para comunicarse con los funcionarios que utilizan este medio de comunicaci\u00f3n o los polic\u00edas que concurren al lugar no solo a comer.<\/p>\n<p>Los que hoy dicen hablar en nombre de TODOS los vecinos, si son gente de bien, deber\u00edan procurar que las cosas se hagan bien, que si quieren divertirse le sugieran a la se\u00f1ora Miriam Felani que alquile un local m\u00e1s grande para hacer recitales y que lo habilite con todas las medidas de seguridad, porque ya hemos visto como terminan los lugares donde no se respeta la seguridad y la prevenci\u00f3n contra incendios, m\u00e1s si es un lugar familiar deber\u00edan pensar en los ni\u00f1os y no tanto en la diversi\u00f3n, se puede divertirse de forma segura y as\u00ed deber\u00eda ser.<\/p>\n<p>Por eso aunque no les guste, gente como Silvia Cuello, Juan Pablo Vasta, Miriam Felani, Cristina \u00c1lvarez, antes de hablar sin conocimiento o hablar encubriendo, ustedes sabr\u00e1n porque lo hacen, no digan que todos son decentes, como dije antes, hay mucho delincuente conocido que son frecuentes del lugar, pero ese es un tema de la polic\u00eda que parece que tiene mala memoria cuando pasa por el lugar, polic\u00edas que se han sacado fotos en el lugar y oficialmente dicen no conocer el lugar \u00bfpor qu\u00e9 ser\u00e1? que pierden la memoria si todo es tan sano.<\/p>\n<p>Existe una realidad, el lugar puede ser muy lindo, la comida muy buena y los shows excelentes, pero no re\u00fane los requisitos para estar habilitado y eso no va a cambiar ni con firmas ni con marchas, ahora si ustedes quieren ser responsables de lo que ocurra, o de una tragedia, me parece muy bien que firmen con nombre y apellido, as\u00ed despu\u00e9s se hacen cargo de sus propias decisiones, mi trabajo es ser objetivo, y digan lo que digan no pienso dar un paso atr\u00e1s mientras se mantenga esta situaci\u00f3n irregular y peligrosa.<\/p>\n<p>&nbsp;<\/p>\n<p>Marcelo Ricardo Hawrylciw<\/p>\n<p>Editor General Multimedios El Sindical<\/p>\n","protected":false},"excerpt":{"rendered":"<p>La sociedad argentina, suele tener algunos personajes que no tienen capacidad de razonamiento, que se mueven y hablan por costumbre, que prefieren la fiesta a enriquecer su conocimiento y viven as\u00ed como hablan y escriben. Desde el Multimedios El Sindical, hemos solicitado ya hace unos meses, informes sobre las habilitaciones de varios comercios del partido&hellip;<\/p>\n","protected":false},"author":1,"featured_media":0,"comment_status":"open","ping_status":"open","sticky":false,"template":"","format":"standard","meta":{"footnotes":""},"categories":[1,10],"tags":[17452,331,461,9132,17697],"class_list":["post-39619","post","type-post","status-publish","format-standard","hentry","category-destacadas","category-editorial","tag-almacen-de-gerli","tag-amenazas","tag-avellaneda","tag-habilitacion","tag-silvia-cuello"],"_links":{"self":[{"href":"https:\/\/www.elsindical.com.ar\/notas\/wp-json\/wp\/v2\/posts\/39619","targetHints":{"allow":["GET"]}}],"collection":[{"href":"https:\/\/www.elsindical.com.ar\/notas\/wp-json\/wp\/v2\/posts"}],"about":[{"href":"https:\/\/www.elsindical.com.ar\/notas\/wp-json\/wp\/v2\/types\/post"}],"author":[{"embeddable":true,"href":"https:\/\/www.elsindical.com.ar\/notas\/wp-json\/wp\/v2\/users\/1"}],"replies":[{"embeddable":true,"href":"https:\/\/www.elsindical.com.ar\/notas\/wp-json\/wp\/v2\/comments?post=39619"}],"version-history":[{"count":1,"href":"https:\/\/www.elsindical.com.ar\/notas\/wp-json\/wp\/v2\/posts\/39619\/revisions"}],"predecessor-version":[{"id":39621,"href":"https:\/\/www.elsindical.com.ar\/notas\/wp-json\/wp\/v2\/posts\/39619\/revisions\/39621"}],"wp:attachment":[{"href":"https:\/\/www.elsindical.com.ar\/notas\/wp-json\/wp\/v2\/media?parent=39619"}],"wp:term":[{"taxonomy":"category","embeddable":true,"href":"https:\/\/www.elsindical.com.ar\/notas\/wp-json\/wp\/v2\/categories?post=39619"},{"taxonomy":"post_tag","embeddable":true,"href":"https:\/\/www.elsindical.com.ar\/notas\/wp-json\/wp\/v2\/tags?post=39619"}],"curies":[{"name":"wp","href":"https:\/\/api.w.org\/{rel}","templated":true}]}}