{"id":39525,"date":"2013-12-12T17:07:49","date_gmt":"2013-12-12T20:07:49","guid":{"rendered":"http:\/\/www.elsindical.com.ar\/notas\/?p=39525"},"modified":"2013-12-12T17:07:49","modified_gmt":"2013-12-12T20:07:49","slug":"franciscola-trata-es-una-grave-violacion-a-los-derechos-humanos","status":"publish","type":"post","link":"https:\/\/www.elsindical.com.ar\/notas\/franciscola-trata-es-una-grave-violacion-a-los-derechos-humanos\/","title":{"rendered":"Francisco:\u00bbLa trata es una grave violaci\u00f3n a los Derechos Humanos\u00bb"},"content":{"rendered":"<p><em><a href=\"http:\/\/www.elsindical.com.ar\/notas\/var\/www\/html\/notas\/wp-content\/uploads\/2013\/05\/Papa-Francisco-plaza-Vaticano.jpg\"><img loading=\"lazy\" decoding=\"async\" class=\"alignnone size-medium wp-image-34390\" alt=\"Papa-Francisco-plaza-Vaticano\" src=\"http:\/\/www.elsindical.com.ar\/notas\/var\/www\/html\/notas\/wp-content\/uploads\/2013\/05\/Papa-Francisco-plaza-Vaticano-300x206.jpg\" width=\"300\" height=\"206\" srcset=\"https:\/\/www.elsindical.com.ar\/notas\/var\/www\/html\/notas\/wp-content\/uploads\/2013\/05\/Papa-Francisco-plaza-Vaticano-300x206.jpg 300w, https:\/\/www.elsindical.com.ar\/notas\/var\/www\/html\/notas\/wp-content\/uploads\/2013\/05\/Papa-Francisco-plaza-Vaticano-436x300.jpg 436w, https:\/\/www.elsindical.com.ar\/notas\/var\/www\/html\/notas\/wp-content\/uploads\/2013\/05\/Papa-Francisco-plaza-Vaticano.jpg 502w\" sizes=\"auto, (max-width: 300px) 100vw, 300px\" \/><\/a>El Sumo Pont\u00edfice sostuvo que la trata de personas afecta a todos los pa\u00edses y \u00abes una verdadera forma de esclavitud\u00bb, en el marco de un discurso que pronunci\u00f3 ante embajadores en la Santa Sede. \u00abEsto no puede continuar, es una grave violaci\u00f3n a los Derechos Humanos de las v\u00edctimas\u00bb, consider\u00f3.<\/em><\/p>\n<p>El Papa Francisco afirm\u00f3 hoy que la trata de personas es \u00abun crimen contra la humanidad\u00bb y \u00abun una verdadera forma de esclavitud\u00bb, que afecta a todos los pa\u00edses, incluso los m\u00e1s desarrollados.<\/p>\n<p>As\u00ed lo expres\u00f3 durante el discurso que pronunci\u00f3 hoy ante 16 nuevos embajadores y un representante diplom\u00e1tico no residentes ante la Santa Sede, seg\u00fan inform\u00f3 el Vaticano.<\/p>\n<p>\u00abLa trata de personas es un crimen contra la humanidad. Esto no puede continuar: es una grave violaci\u00f3n de los derechos humanos de las v\u00edctimas y una afrenta a su dignidad, adem\u00e1s de una derrota para la comunidad mundial\u00bb, dijo en su en\u00e9rgico discurso.<\/p>\n<p>\u00abTodas las personas de buena voluntad, sea que profesen una religi\u00f3n o que no lo hagan, no pueden permitir que estas mujeres, estos hombres, estos ni\u00f1os sean tratados como objetos, enga\u00f1ados, violados, a menudo vendidos y revendidos, con diferentes fines y, al final asesinados\u00bb, agreg\u00f3.<\/p>\n<p>En ese marco, consider\u00f3 \u00abnecesaria una toma de responsabilidad com\u00fan y una voluntad pol\u00edtica m\u00e1s fuerte para vencer en este frente\u00bb, as\u00ed como \u00abresponsabilidad hacia los que han ca\u00eddo v\u00edctimas de la trata para proteger sus derechos, y para garantizar la incolumidad de sus familiares, para evitar que los corruptos y los delincuentes eludan la justicia\u00bb.<\/p>\n<p>Tambi\u00e9n exigi\u00f3 una intervenci\u00f3n legislativa \u00abadecuada en los pa\u00edses de origen, tr\u00e1nsito y llegada, tambi\u00e9n para facilitar la regularidad de las migraciones, puede reducir el problema\u201d.<\/p>\n<p>Si bien destac\u00f3 que los gobiernos y la comunidad internacional \u00abno han dejado de tomar medidas en los distintos niveles para bloquearlo y para proteger y asistir a las v\u00edctimas de este delito\u00bb, dijo que \u00abes necesario que la acci\u00f3n se extienda al \u00e1mbito cultural y a la comunicaci\u00f3n\u00bb.<\/p>\n<p>Por \u00faltimo, calific\u00f3 a la trata de personas como una \u00abplaga social de nuestro tiempo\u00bb e inst\u00f3 a la comunidad internacional \u00aba hacer todav\u00eda m\u00e1s concorde y eficaz la estrategia contra la trata para que los hombres y las mujeres nunca sean utilizados como un medio, sino respetados siempre en su dignidad inviolable\u201d<\/p>\n","protected":false},"excerpt":{"rendered":"<p>El Sumo Pont\u00edfice sostuvo que la trata de personas afecta a todos los pa\u00edses y \u00abes una verdadera forma de esclavitud\u00bb, en el marco de un discurso que pronunci\u00f3 ante embajadores en la Santa Sede. \u00abEsto no puede continuar, es una grave violaci\u00f3n a los Derechos Humanos de las v\u00edctimas\u00bb, consider\u00f3. El Papa Francisco afirm\u00f3&hellip;<\/p>\n","protected":false},"author":1,"featured_media":0,"comment_status":"open","ping_status":"open","sticky":false,"template":"","format":"standard","meta":{"footnotes":""},"categories":[8],"tags":[22022,10385,3077,315,509],"class_list":["post-39525","post","type-post","status-publish","format-standard","hentry","category-derechos-humanos","tag-derechos-humanos","tag-francisco","tag-papa","tag-trata-de-personas","tag-victimas"],"_links":{"self":[{"href":"https:\/\/www.elsindical.com.ar\/notas\/wp-json\/wp\/v2\/posts\/39525","targetHints":{"allow":["GET"]}}],"collection":[{"href":"https:\/\/www.elsindical.com.ar\/notas\/wp-json\/wp\/v2\/posts"}],"about":[{"href":"https:\/\/www.elsindical.com.ar\/notas\/wp-json\/wp\/v2\/types\/post"}],"author":[{"embeddable":true,"href":"https:\/\/www.elsindical.com.ar\/notas\/wp-json\/wp\/v2\/users\/1"}],"replies":[{"embeddable":true,"href":"https:\/\/www.elsindical.com.ar\/notas\/wp-json\/wp\/v2\/comments?post=39525"}],"version-history":[{"count":1,"href":"https:\/\/www.elsindical.com.ar\/notas\/wp-json\/wp\/v2\/posts\/39525\/revisions"}],"predecessor-version":[{"id":39526,"href":"https:\/\/www.elsindical.com.ar\/notas\/wp-json\/wp\/v2\/posts\/39525\/revisions\/39526"}],"wp:attachment":[{"href":"https:\/\/www.elsindical.com.ar\/notas\/wp-json\/wp\/v2\/media?parent=39525"}],"wp:term":[{"taxonomy":"category","embeddable":true,"href":"https:\/\/www.elsindical.com.ar\/notas\/wp-json\/wp\/v2\/categories?post=39525"},{"taxonomy":"post_tag","embeddable":true,"href":"https:\/\/www.elsindical.com.ar\/notas\/wp-json\/wp\/v2\/tags?post=39525"}],"curies":[{"name":"wp","href":"https:\/\/api.w.org\/{rel}","templated":true}]}}