{"id":39506,"date":"2013-12-11T21:26:10","date_gmt":"2013-12-12T00:26:10","guid":{"rendered":"http:\/\/www.elsindical.com.ar\/notas\/?p=39506"},"modified":"2013-12-11T21:26:10","modified_gmt":"2013-12-12T00:26:10","slug":"avellaneda-dijo-presente-en-los-festejos-por-los-30-anos-de-democracia","status":"publish","type":"post","link":"https:\/\/www.elsindical.com.ar\/notas\/avellaneda-dijo-presente-en-los-festejos-por-los-30-anos-de-democracia\/","title":{"rendered":"Avellaneda dijo presente en los festejos por los 30 a\u00f1os de democracia"},"content":{"rendered":"<p><em><a href=\"http:\/\/www.elsindical.com.ar\/notas\/var\/www\/html\/notas\/wp-content\/uploads\/2013\/12\/IMG_0790.jpg\"><img loading=\"lazy\" decoding=\"async\" class=\"alignnone size-medium wp-image-39508\" alt=\"IMG_0790\" src=\"http:\/\/www.elsindical.com.ar\/notas\/var\/www\/html\/notas\/wp-content\/uploads\/2013\/12\/IMG_0790-300x198.jpg\" width=\"300\" height=\"198\" srcset=\"https:\/\/www.elsindical.com.ar\/notas\/var\/www\/html\/notas\/wp-content\/uploads\/2013\/12\/IMG_0790-300x198.jpg 300w, https:\/\/www.elsindical.com.ar\/notas\/var\/www\/html\/notas\/wp-content\/uploads\/2013\/12\/IMG_0790-453x300.jpg 453w, https:\/\/www.elsindical.com.ar\/notas\/var\/www\/html\/notas\/wp-content\/uploads\/2013\/12\/IMG_0790.jpg 531w\" sizes=\"auto, (max-width: 300px) 100vw, 300px\" \/><\/a>Centenares de militantes de Avellaneda marcharon a la Plaza de Mayo para participar de la celebraci\u00f3n.\u00a0<\/em><\/p>\n<p>El intendente de Avellaneda, ing. Jorge Ferraresi, junto a una numerosa columna de militantes locales, participaron el 10 de diciembre de los festejos en Plaza de Mayo en conmemoraci\u00f3n por los 30 a\u00f1os de democracia ininterrumpida en el pa\u00eds, los cuales fueron encabezados por la presidenta Cristina Fern\u00e1ndez de Kirchner.<\/p>\n<p>La plaza estuvo colmada de militantes de varias agrupaciones pol\u00edticas y sociales adem\u00e1s de ni\u00f1os, j\u00f3venes, hombres y mujeres de todas las edades, quienes disfrutaron de una serie de shows art\u00edsticos y de fuegos artificiales, que pusieron color a la jornada de celebraci\u00f3n desarrollada bajo la consigna\u00a0\u201cDemocracia para siempre\u201d.<\/p>\n<p>\u201cHoy no es el d\u00eda de un partido, hoy es el d\u00eda de la democracia\u201d, subray\u00f3 Cristina\u00a0en el Museo del Bicentenario a trav\u00e9s de una videoconferencia en la que estuvo acompa\u00f1ada por funcionarios, militantes y\u00a0actores, y seguidamente expres\u00f3 su agradecimiento a \u201ctodos los argentinos\u201d y a \u201cRa\u00fal Alfons\u00edn, quien inici\u00f3 ese per\u00edodo el 10 de diciembre de 1983\u201d.<\/p>\n<p>M\u00e1s adelante, la Jefa de Estado critic\u00f3 a \u201clos violentos, los que no respetan los valores por los cuales tantos argentinos y argentinas dieron su vida\u201d.<\/p>\n<p>\u201cQuiero rescatar en estos 30 a\u00f1os que pese a intentos antidemocr\u00e1ticos los argentinos hemos decidido vivir en democracia porque hemos conquistado demasiadas cosas que no estamos dispuestos a ceder\u201d,\u00a0afirm\u00f3 Cristina.<\/p>\n<p>Artistas como V\u00edctor Heredia, Le\u00f3n Gieco, Gustavo Santaolalla, Ignacio Copani y La Renga, pasaron por el escenario principal de la m\u00edtica plaza en la que tambi\u00e9n se proyectaron im\u00e1genes de la historia pol\u00edtica de la Argentina desde la recuperaci\u00f3n de la democracia.<\/p>\n<p><a href=\"http:\/\/www.elsindical.com.ar\/notas\/var\/www\/html\/notas\/wp-content\/uploads\/2013\/12\/IMG_0769.jpg\"><img loading=\"lazy\" decoding=\"async\" class=\"alignnone size-medium wp-image-39510\" alt=\"IMG_0769\" src=\"http:\/\/www.elsindical.com.ar\/notas\/var\/www\/html\/notas\/wp-content\/uploads\/2013\/12\/IMG_0769-300x228.jpg\" width=\"300\" height=\"228\" srcset=\"https:\/\/www.elsindical.com.ar\/notas\/var\/www\/html\/notas\/wp-content\/uploads\/2013\/12\/IMG_0769-300x228.jpg 300w, https:\/\/www.elsindical.com.ar\/notas\/var\/www\/html\/notas\/wp-content\/uploads\/2013\/12\/IMG_0769-393x300.jpg 393w, https:\/\/www.elsindical.com.ar\/notas\/var\/www\/html\/notas\/wp-content\/uploads\/2013\/12\/IMG_0769.jpg 620w\" sizes=\"auto, (max-width: 300px) 100vw, 300px\" \/><\/a><\/p>\n","protected":false},"excerpt":{"rendered":"<p>Centenares de militantes de Avellaneda marcharon a la Plaza de Mayo para participar de la celebraci\u00f3n.\u00a0 El intendente de Avellaneda, ing. Jorge Ferraresi, junto a una numerosa columna de militantes locales, participaron el 10 de diciembre de los festejos en Plaza de Mayo en conmemoraci\u00f3n por los 30 a\u00f1os de democracia ininterrumpida en el pa\u00eds,&hellip;<\/p>\n","protected":false},"author":1,"featured_media":0,"comment_status":"open","ping_status":"open","sticky":false,"template":"","format":"standard","meta":{"footnotes":""},"categories":[1],"tags":[461,17642,904],"class_list":["post-39506","post","type-post","status-publish","format-standard","hentry","category-destacadas","tag-avellaneda","tag-cristina-fernandez-kirchner","tag-plaza-de-mayo"],"_links":{"self":[{"href":"https:\/\/www.elsindical.com.ar\/notas\/wp-json\/wp\/v2\/posts\/39506","targetHints":{"allow":["GET"]}}],"collection":[{"href":"https:\/\/www.elsindical.com.ar\/notas\/wp-json\/wp\/v2\/posts"}],"about":[{"href":"https:\/\/www.elsindical.com.ar\/notas\/wp-json\/wp\/v2\/types\/post"}],"author":[{"embeddable":true,"href":"https:\/\/www.elsindical.com.ar\/notas\/wp-json\/wp\/v2\/users\/1"}],"replies":[{"embeddable":true,"href":"https:\/\/www.elsindical.com.ar\/notas\/wp-json\/wp\/v2\/comments?post=39506"}],"version-history":[{"count":3,"href":"https:\/\/www.elsindical.com.ar\/notas\/wp-json\/wp\/v2\/posts\/39506\/revisions"}],"predecessor-version":[{"id":39511,"href":"https:\/\/www.elsindical.com.ar\/notas\/wp-json\/wp\/v2\/posts\/39506\/revisions\/39511"}],"wp:attachment":[{"href":"https:\/\/www.elsindical.com.ar\/notas\/wp-json\/wp\/v2\/media?parent=39506"}],"wp:term":[{"taxonomy":"category","embeddable":true,"href":"https:\/\/www.elsindical.com.ar\/notas\/wp-json\/wp\/v2\/categories?post=39506"},{"taxonomy":"post_tag","embeddable":true,"href":"https:\/\/www.elsindical.com.ar\/notas\/wp-json\/wp\/v2\/tags?post=39506"}],"curies":[{"name":"wp","href":"https:\/\/api.w.org\/{rel}","templated":true}]}}