{"id":39455,"date":"2013-12-09T00:45:07","date_gmt":"2013-12-09T03:45:07","guid":{"rendered":"http:\/\/www.elsindical.com.ar\/notas\/?p=39455"},"modified":"2013-12-09T00:45:07","modified_gmt":"2013-12-09T03:45:07","slug":"protestas-policiales-el-justo-reclamo-fuera-de-la-ley","status":"publish","type":"post","link":"https:\/\/www.elsindical.com.ar\/notas\/protestas-policiales-el-justo-reclamo-fuera-de-la-ley\/","title":{"rendered":"Protestas policiales, el justo reclamo fuera de la Ley"},"content":{"rendered":"<p><a href=\"http:\/\/www.elsindical.com.ar\/notas\/var\/www\/html\/notas\/wp-content\/uploads\/2013\/12\/protesta-policial.jpg\"><img loading=\"lazy\" decoding=\"async\" class=\"alignnone size-medium wp-image-39457\" alt=\"protesta-policial\" src=\"http:\/\/www.elsindical.com.ar\/notas\/var\/www\/html\/notas\/wp-content\/uploads\/2013\/12\/protesta-policial-300x206.jpg\" width=\"300\" height=\"206\" srcset=\"https:\/\/www.elsindical.com.ar\/notas\/var\/www\/html\/notas\/wp-content\/uploads\/2013\/12\/protesta-policial-300x206.jpg 300w, https:\/\/www.elsindical.com.ar\/notas\/var\/www\/html\/notas\/wp-content\/uploads\/2013\/12\/protesta-policial-436x300.jpg 436w, https:\/\/www.elsindical.com.ar\/notas\/var\/www\/html\/notas\/wp-content\/uploads\/2013\/12\/protesta-policial.jpg 502w\" sizes=\"auto, (max-width: 300px) 100vw, 300px\" \/><\/a>Por estos d\u00edas, los medios no dejan de repetir que polic\u00edas de distintas provincias, incluida la Polic\u00eda Bonaerense, la fuerza policial m\u00e1s grande del pa\u00eds por cantidad de efectivos, se encuentra en rebeld\u00eda con los distintos gobiernos provinciales y fomentando el delito con sus paros, situaciones que ya han cobrado varias vidas de ciudadanos que fueron asesinados sin piedad y en acciones que nada tienen que ver con la necesidad de los que menos tienen.<\/p>\n<p>Todos los cuerpos policiales son regidos por una Reglamentaci\u00f3n especial, no se trata de simples trabajadores, sino de profesionales en su tarea de agentes del orden.<\/p>\n<p>Abusos e injusticias han existido siempre en las fuerzas de seguridad, como en las fuerzas armadas, pocas veces uno encuentra que se ha procesado y condenado a alg\u00fan alto jefe por malversaci\u00f3n de caudales y les puedo asegurar que no existe una dependencia policial que resista una auditor\u00eda.<\/p>\n<p>Es conocido que las polic\u00edas poseen adem\u00e1s del dinero del presupuesto que el Estado les asigna, las denominadas \u00abcajas ilegales\u00bb de recaudaci\u00f3n, y con esto no estoy descubriendo nada nuevo, la tan conocida \u00abcoima\u00bb existi\u00f3, existe y existir\u00e1 porque las polic\u00edas tienen enquistada la corrupci\u00f3n en todo el mundo, y nuestras polic\u00edas no son la excepci\u00f3n, les guste o no a los familiares, la mayor\u00eda de los polic\u00edas son corruptos por acci\u00f3n u omisi\u00f3n, y esto sucede porque jam\u00e1s se ha privilegiado al polic\u00eda realmente honesto, lo que hace que muchos tengan una participaci\u00f3n pasiva en la corrupci\u00f3n, pero activa en la complicidad, no se puede decir no soy corrupto, si como polic\u00eda se tiene la obligaci\u00f3n de denunciar los delitos y no se hace, las excusas pueden ser muchas, pero son solo eso excusas.<\/p>\n<p>Con el tema de los sueldos y los descuentos, siempre el Estado ha violado las propias leyes que regulan los derechos de los trabajadores y los recibos de sueldo de los polic\u00edas se inflan con \u00edtems no remunerativos, lo que obliga a muchos a continuar prestando servicios a\u00fan cuando han pasado la edad del retiro u otros se convocan luego de retirados.<\/p>\n<p>La falta de capacidad de los funcionarios pol\u00edticos de los \u00faltimos a\u00f1os, ha generado un descontento en las polic\u00edas que no se ven ni reflejados ni tampoco conducidos por estos pol\u00edticos designados en seguridad, muchos de los cuales no entienden ni los c\u00f3digos policiales, ni qu\u00e9 cosas motivan al personal policial, as\u00ed se designan Jefes policiales que no tienen afinidad con el personal a sus \u00f3rdenes y somos los ciudadanos los que pagamos las consecuencias.<\/p>\n<p>El paro nunca es una opci\u00f3n del personal policial, siempre constituye una falta grave y como tal, los que paran, a\u00fan cuando digan que lo hacen franco de servicio, merecen ser severamente sancionados, porque no pierden el estado policial y por lo tanto deben saber que la Reglamentaci\u00f3n no se incumple solamente cuando se est\u00e1 en servicio.<\/p>\n<p>Existen otras v\u00edas para los reclamos, pero nunca el paro, exponer a la poblaci\u00f3n a robos, saqueos, actos de vandalismo y hasta homicidios, es de una irresponsabilidad tal, que esos polic\u00edas que se olvidan que tienen un uniforme que no solo se lleva puesto, sino que se debe sentir, el polic\u00eda debe tener vocaci\u00f3n y los gobiernos deben fomentar esa vocaci\u00f3n, con sueldos correctos, sin pagos en negro o no remunerativos, privilegiando al polic\u00eda que trabaja, que arriesga todos los d\u00edas su vida por la sociedad, y no ese que uniformado insulta, salta y grita como un barra en la cancha.<\/p>\n<p>Se han equivocado no en el reclamo, sino en la forma de reclamar, porque el respeto a la autoridad se pierde en actitudes que no se ajustan a derecho y comienza una disputa donde hay polic\u00edas que creen que se merecen un aumento, pero dejan mucho que desear en su rol de polic\u00eda.<\/p>\n<p>El Estado debe garantizarle seguridad a los ciudadanos, debe jerarquizar a los polic\u00edas y exigir profesionalidad, pero de ninguna manera puede sentarse a negociar la seguridad de todos, porque entonces, el mensaje es que el que tiene la fuerza tiene la raz\u00f3n.<\/p>\n<p>&nbsp;<\/p>\n<p><em><strong>Por Marcelo Ricardo Hawrylciw<\/strong><\/em><\/p>\n","protected":false},"excerpt":{"rendered":"<p>Por estos d\u00edas, los medios no dejan de repetir que polic\u00edas de distintas provincias, incluida la Polic\u00eda Bonaerense, la fuerza policial m\u00e1s grande del pa\u00eds por cantidad de efectivos, se encuentra en rebeld\u00eda con los distintos gobiernos provinciales y fomentando el delito con sus paros, situaciones que ya han cobrado varias vidas de ciudadanos que&hellip;<\/p>\n","protected":false},"author":1,"featured_media":0,"comment_status":"open","ping_status":"open","sticky":false,"template":"","format":"standard","meta":{"footnotes":""},"categories":[10],"tags":[67,118,22025,5712],"class_list":["post-39455","post","type-post","status-publish","format-standard","hentry","category-editorial","tag-paro","tag-policias","tag-politica","tag-reglamentacion"],"_links":{"self":[{"href":"https:\/\/www.elsindical.com.ar\/notas\/wp-json\/wp\/v2\/posts\/39455","targetHints":{"allow":["GET"]}}],"collection":[{"href":"https:\/\/www.elsindical.com.ar\/notas\/wp-json\/wp\/v2\/posts"}],"about":[{"href":"https:\/\/www.elsindical.com.ar\/notas\/wp-json\/wp\/v2\/types\/post"}],"author":[{"embeddable":true,"href":"https:\/\/www.elsindical.com.ar\/notas\/wp-json\/wp\/v2\/users\/1"}],"replies":[{"embeddable":true,"href":"https:\/\/www.elsindical.com.ar\/notas\/wp-json\/wp\/v2\/comments?post=39455"}],"version-history":[{"count":2,"href":"https:\/\/www.elsindical.com.ar\/notas\/wp-json\/wp\/v2\/posts\/39455\/revisions"}],"predecessor-version":[{"id":39458,"href":"https:\/\/www.elsindical.com.ar\/notas\/wp-json\/wp\/v2\/posts\/39455\/revisions\/39458"}],"wp:attachment":[{"href":"https:\/\/www.elsindical.com.ar\/notas\/wp-json\/wp\/v2\/media?parent=39455"}],"wp:term":[{"taxonomy":"category","embeddable":true,"href":"https:\/\/www.elsindical.com.ar\/notas\/wp-json\/wp\/v2\/categories?post=39455"},{"taxonomy":"post_tag","embeddable":true,"href":"https:\/\/www.elsindical.com.ar\/notas\/wp-json\/wp\/v2\/tags?post=39455"}],"curies":[{"name":"wp","href":"https:\/\/api.w.org\/{rel}","templated":true}]}}