{"id":39372,"date":"2013-12-05T19:29:17","date_gmt":"2013-12-05T22:29:17","guid":{"rendered":"http:\/\/www.elsindical.com.ar\/notas\/?p=39372"},"modified":"2013-12-05T19:29:17","modified_gmt":"2013-12-05T22:29:17","slug":"palermorobo-tiroteo-y-muerte","status":"publish","type":"post","link":"https:\/\/www.elsindical.com.ar\/notas\/palermorobo-tiroteo-y-muerte\/","title":{"rendered":"Palermo:Robo, tiroteo y muerte"},"content":{"rendered":"<p><em><a href=\"http:\/\/www.elsindical.com.ar\/notas\/var\/www\/html\/notas\/wp-content\/uploads\/2013\/12\/robo-y-tiroteo-Palermo.jpg\"><img loading=\"lazy\" decoding=\"async\" class=\"alignnone size-medium wp-image-39373\" alt=\"robo-y-tiroteo-Palermo\" src=\"http:\/\/www.elsindical.com.ar\/notas\/var\/www\/html\/notas\/wp-content\/uploads\/2013\/12\/robo-y-tiroteo-Palermo-300x170.jpg\" width=\"300\" height=\"170\" srcset=\"https:\/\/www.elsindical.com.ar\/notas\/var\/www\/html\/notas\/wp-content\/uploads\/2013\/12\/robo-y-tiroteo-Palermo-300x170.jpg 300w, https:\/\/www.elsindical.com.ar\/notas\/var\/www\/html\/notas\/wp-content\/uploads\/2013\/12\/robo-y-tiroteo-Palermo-500x283.jpg 500w, https:\/\/www.elsindical.com.ar\/notas\/var\/www\/html\/notas\/wp-content\/uploads\/2013\/12\/robo-y-tiroteo-Palermo.jpg 502w\" sizes=\"auto, (max-width: 300px) 100vw, 300px\" \/><\/a>Un delincuente muri\u00f3 luego de asaltar junto a dos c\u00f3mplices un local de computaci\u00f3n en dicho barrio porte\u00f1o y al ser advertido por un polic\u00eda con el que se enfrent\u00f3 en una balacera. Hay dos pr\u00f3fugos.<\/em><\/p>\n<p>Un delincuente muri\u00f3 luego de asaltar junto a dos c\u00f3mplices un local de computaci\u00f3n del <b>barrio de Palermo<\/b>, lo que fue advertido por un polic\u00eda con el que se enfrent\u00f3 a tiros, informaron fuentes policiales.<\/p>\n<p>El hecho ocurri\u00f3 en<b> Honduras 5225,<\/b> donde funciona un negocio de venta de productos Apple, al que ingresaron tres hombres, uno de los cuales apunt\u00f3 al rostro a uno de los empleados haci\u00e9ndole saber su intenci\u00f3n de robo.<\/p>\n<p>Al momento del hecho, se encontraban en el local unos 10 clientes, quienes resultaron ilesos.<\/p>\n","protected":false},"excerpt":{"rendered":"<p>Un delincuente muri\u00f3 luego de asaltar junto a dos c\u00f3mplices un local de computaci\u00f3n en dicho barrio porte\u00f1o y al ser advertido por un polic\u00eda con el que se enfrent\u00f3 en una balacera. Hay dos pr\u00f3fugos. Un delincuente muri\u00f3 luego de asaltar junto a dos c\u00f3mplices un local de computaci\u00f3n del barrio de Palermo, lo&hellip;<\/p>\n","protected":false},"author":1,"featured_media":0,"comment_status":"open","ping_status":"open","sticky":false,"template":"","format":"standard","meta":{"footnotes":""},"categories":[22],"tags":[17600,196,1838,1337,30,116,238],"class_list":["post-39372","post","type-post","status-publish","format-standard","hentry","category-policiales","tag-computacion","tag-delincuente","tag-muerto","tag-palermo","tag-policia","tag-robo","tag-tiroteo"],"_links":{"self":[{"href":"https:\/\/www.elsindical.com.ar\/notas\/wp-json\/wp\/v2\/posts\/39372","targetHints":{"allow":["GET"]}}],"collection":[{"href":"https:\/\/www.elsindical.com.ar\/notas\/wp-json\/wp\/v2\/posts"}],"about":[{"href":"https:\/\/www.elsindical.com.ar\/notas\/wp-json\/wp\/v2\/types\/post"}],"author":[{"embeddable":true,"href":"https:\/\/www.elsindical.com.ar\/notas\/wp-json\/wp\/v2\/users\/1"}],"replies":[{"embeddable":true,"href":"https:\/\/www.elsindical.com.ar\/notas\/wp-json\/wp\/v2\/comments?post=39372"}],"version-history":[{"count":1,"href":"https:\/\/www.elsindical.com.ar\/notas\/wp-json\/wp\/v2\/posts\/39372\/revisions"}],"predecessor-version":[{"id":39374,"href":"https:\/\/www.elsindical.com.ar\/notas\/wp-json\/wp\/v2\/posts\/39372\/revisions\/39374"}],"wp:attachment":[{"href":"https:\/\/www.elsindical.com.ar\/notas\/wp-json\/wp\/v2\/media?parent=39372"}],"wp:term":[{"taxonomy":"category","embeddable":true,"href":"https:\/\/www.elsindical.com.ar\/notas\/wp-json\/wp\/v2\/categories?post=39372"},{"taxonomy":"post_tag","embeddable":true,"href":"https:\/\/www.elsindical.com.ar\/notas\/wp-json\/wp\/v2\/tags?post=39372"}],"curies":[{"name":"wp","href":"https:\/\/api.w.org\/{rel}","templated":true}]}}