{"id":39335,"date":"2013-12-04T08:05:37","date_gmt":"2013-12-04T11:05:37","guid":{"rendered":"http:\/\/www.elsindical.com.ar\/notas\/?p=39335"},"modified":"2013-12-04T08:05:37","modified_gmt":"2013-12-04T11:05:37","slug":"neuquenprision-perpetua-para-un-policia-por-matar-a-un-joven","status":"publish","type":"post","link":"https:\/\/www.elsindical.com.ar\/notas\/neuquenprision-perpetua-para-un-policia-por-matar-a-un-joven\/","title":{"rendered":"Neuqu\u00e9n:Prisi\u00f3n perpetua para un polic\u00eda por matar a un joven"},"content":{"rendered":"<p><em><a href=\"http:\/\/www.elsindical.com.ar\/notas\/var\/www\/html\/notas\/wp-content\/uploads\/2013\/12\/familiares-Brian-Hern\u00e1ndez.jpg\"><img loading=\"lazy\" decoding=\"async\" class=\"alignnone size-medium wp-image-39336\" alt=\"familiares-Brian-Hern\u00e1ndez\" src=\"http:\/\/www.elsindical.com.ar\/notas\/var\/www\/html\/notas\/wp-content\/uploads\/2013\/12\/familiares-Brian-Hern\u00e1ndez-300x170.jpg\" width=\"300\" height=\"170\" srcset=\"https:\/\/www.elsindical.com.ar\/notas\/var\/www\/html\/notas\/wp-content\/uploads\/2013\/12\/familiares-Brian-Hern\u00e1ndez-300x170.jpg 300w, https:\/\/www.elsindical.com.ar\/notas\/var\/www\/html\/notas\/wp-content\/uploads\/2013\/12\/familiares-Brian-Hern\u00e1ndez-500x284.jpg 500w, https:\/\/www.elsindical.com.ar\/notas\/var\/www\/html\/notas\/wp-content\/uploads\/2013\/12\/familiares-Brian-Hern\u00e1ndez.jpg 531w\" sizes=\"auto, (max-width: 300px) 100vw, 300px\" \/><\/a>Los jueces consideraron que Salas us\u00f3 su arma \u201cen forma innecesaria e irracional\u201d cuando el veh\u00edculo en el que se trasladaba Brian Hern\u00e1ndez, de 14 a\u00f1os, en la parte posterior, no se detuvo en un control policial.<\/em><\/p>\n<p>El polic\u00eda <b>Claudio Salas <\/b>fue condenado a prisi\u00f3n\u00a0 perpetua por la C\u00e1mara Criminal Segunda de Neuqu\u00e9n al ser hallado\u00a0 culpable del crimen del adolescente <b>Brian Hern\u00e1ndez, <\/b>cometido en\u00a0 diciembre del a\u00f1o pasado.La parte resolutiva de la sentencia fue le\u00edda\u00a0 ante una sala colmada que celebr\u00f3 el fallo que conden\u00f3 al polic\u00eda que\u00a0 no asisti\u00f3 a la audiencia.<\/p>\n<p>La decisi\u00f3n de la C\u00e1mara integrada por\u00a0 Florencia Martini, H\u00e9ctor Dedomnichi y Fernando Zvilling fue coincidente\u00a0 con el pedido del Fiscal, Pablo Vignaroli y la querella en\u00a0 representaci\u00f3n de la madre de Brian.<\/p>\n<p>Los jueces consideraron que Salas utiliz\u00f3 su\u00a0 arma reglamentaria \u00aben forma innecesaria e irracional\u00bb cuando el\u00a0 veh\u00edculo en el que se trasladaba Brian Hern\u00e1ndez (14), en la parte\u00a0 posterior, no se detuvo en un control policial.<\/p>\n<p>El hecho ocurri\u00f3 el 19 de diciembre del a\u00f1o pasado en un barrio del oeste de la ciudad de <b>Neuqu\u00e9n<\/b> a las 02:40 hs.\u00a0de la madrugada.<\/p>\n<p><b>\u00abLa acci\u00f3n de disparar el arma fue\u00a0 injustificada, i<\/b>rracional porque contaba con otros medios menos\u00a0 dr\u00e1sticos para repelerla procurando la menor lesividad hacia los\u00a0 ocupantes del veh\u00edculo que habr\u00edan evadido el control policial\u00bb, se\u00f1ala\u00a0 el fallo.<\/p>\n<p>Considera que \u00abno resulta veros\u00edmil\u00bb la\u00a0 versi\u00f3n brindada por el efectivo policial y que \u00abno es razonable que\u00a0 haya disparado de lleno sobre el veh\u00edculo cuando sab\u00eda que al menos\u00a0 hab\u00eda dos personas en su interior seg\u00fan su propio testimonio\u00bb. Los\u00a0 jueces condenaron a Salas como autor del delito de \u00abhomicidio\u00a0 calificado\u00bb, por ser miembro de una fuerza policial, a la pena de\u00a0 prisi\u00f3n perpetua e inhabilitaci\u00f3n absoluta por igual t\u00e9rmino.<\/p>\n<p>La <b>madre\u00a0 de la v\u00edctima, Elizabeth, e<\/b>xpres\u00f3 visiblemente emocionada que \u00abesperaba\u00a0 que se hiciera justicia\u00bb y dijo que ahora iba a \u00abluchar por la verdad\u00a0 para que tambi\u00e9n sean juzgados los responsables del crimen de Gustavo\u00a0 &#8216;Willy&#8217; Guti\u00e9rrez\u00bb, un testigo clave de este juicio que declar\u00f3 contra\u00a0 el polic\u00eda. El abogado de la querella, Federico Egea manifest\u00f3 que\u00a0 \u00abestaba satisfecho porque b\u00e1sicamente los jueces recogieron los\u00a0 argumentos dados en los alegatos y lo condenaron por lo que hab\u00edamos\u00a0 pedido\u00bb. Destac\u00f3 que \u00abel fallo t\u00e9cnicamente es de muy alta calidad\u00a0 jur\u00eddica. Ha sido importante porque el gatillo f\u00e1cil y el abuso policial\u00a0 es una problem\u00e1tica muy grave en la provincia\u00bb<\/p>\n","protected":false},"excerpt":{"rendered":"<p>Los jueces consideraron que Salas us\u00f3 su arma \u201cen forma innecesaria e irracional\u201d cuando el veh\u00edculo en el que se trasladaba Brian Hern\u00e1ndez, de 14 a\u00f1os, en la parte posterior, no se detuvo en un control policial. El polic\u00eda Claudio Salas fue condenado a prisi\u00f3n\u00a0 perpetua por la C\u00e1mara Criminal Segunda de Neuqu\u00e9n al ser&hellip;<\/p>\n","protected":false},"author":1,"featured_media":0,"comment_status":"open","ping_status":"open","sticky":false,"template":"","format":"standard","meta":{"footnotes":""},"categories":[20],"tags":[363,17560,17588,1326,30],"class_list":["post-39335","post","type-post","status-publish","format-standard","hentry","category-judiciales","tag-asesinato","tag-claudio-salas","tag-elizabeth","tag-neuquen","tag-policia"],"_links":{"self":[{"href":"https:\/\/www.elsindical.com.ar\/notas\/wp-json\/wp\/v2\/posts\/39335","targetHints":{"allow":["GET"]}}],"collection":[{"href":"https:\/\/www.elsindical.com.ar\/notas\/wp-json\/wp\/v2\/posts"}],"about":[{"href":"https:\/\/www.elsindical.com.ar\/notas\/wp-json\/wp\/v2\/types\/post"}],"author":[{"embeddable":true,"href":"https:\/\/www.elsindical.com.ar\/notas\/wp-json\/wp\/v2\/users\/1"}],"replies":[{"embeddable":true,"href":"https:\/\/www.elsindical.com.ar\/notas\/wp-json\/wp\/v2\/comments?post=39335"}],"version-history":[{"count":1,"href":"https:\/\/www.elsindical.com.ar\/notas\/wp-json\/wp\/v2\/posts\/39335\/revisions"}],"predecessor-version":[{"id":39337,"href":"https:\/\/www.elsindical.com.ar\/notas\/wp-json\/wp\/v2\/posts\/39335\/revisions\/39337"}],"wp:attachment":[{"href":"https:\/\/www.elsindical.com.ar\/notas\/wp-json\/wp\/v2\/media?parent=39335"}],"wp:term":[{"taxonomy":"category","embeddable":true,"href":"https:\/\/www.elsindical.com.ar\/notas\/wp-json\/wp\/v2\/categories?post=39335"},{"taxonomy":"post_tag","embeddable":true,"href":"https:\/\/www.elsindical.com.ar\/notas\/wp-json\/wp\/v2\/tags?post=39335"}],"curies":[{"name":"wp","href":"https:\/\/api.w.org\/{rel}","templated":true}]}}