{"id":39312,"date":"2013-12-02T22:06:49","date_gmt":"2013-12-03T01:06:49","guid":{"rendered":"http:\/\/www.elsindical.com.ar\/notas\/?p=39312"},"modified":"2013-12-02T22:06:49","modified_gmt":"2013-12-03T01:06:49","slug":"ferraresi-comenzo-la-entrega-de-diplomas-y-medallas-en-los-jardines-municipales","status":"publish","type":"post","link":"https:\/\/www.elsindical.com.ar\/notas\/ferraresi-comenzo-la-entrega-de-diplomas-y-medallas-en-los-jardines-municipales\/","title":{"rendered":"Ferraresi comenz\u00f3 la entrega de diplomas y medallas en los jardines municipales"},"content":{"rendered":"<p><em><a href=\"http:\/\/www.elsindical.com.ar\/notas\/var\/www\/html\/notas\/wp-content\/uploads\/2013\/12\/IMG_5372.jpg\"><img loading=\"lazy\" decoding=\"async\" class=\"alignnone size-medium wp-image-39313\" alt=\"IMG_5372\" src=\"http:\/\/www.elsindical.com.ar\/notas\/var\/www\/html\/notas\/wp-content\/uploads\/2013\/12\/IMG_5372-300x196.jpg\" width=\"300\" height=\"196\" srcset=\"https:\/\/www.elsindical.com.ar\/notas\/var\/www\/html\/notas\/wp-content\/uploads\/2013\/12\/IMG_5372-300x196.jpg 300w, https:\/\/www.elsindical.com.ar\/notas\/var\/www\/html\/notas\/wp-content\/uploads\/2013\/12\/IMG_5372-457x300.jpg 457w, https:\/\/www.elsindical.com.ar\/notas\/var\/www\/html\/notas\/wp-content\/uploads\/2013\/12\/IMG_5372.jpg 531w\" sizes=\"auto, (max-width: 300px) 100vw, 300px\" \/><\/a>Alrededor de 3000 ni\u00f1os son los que recibir\u00e1n sus regalos como egresados del nivel inicial.\u00a0<\/em><\/p>\n<p>El Intendente de Avellaneda, Ing. Jorge Ferraresi comenz\u00f3 el viernes 29 de octubre, como cada a\u00f1o, la recorrida por todos los jardines infantes y maternales municipales para realizar la entrega de diplomas y medallas a todos los egresados.<\/p>\n<p>Los Jard\u00edn de Infantes N\u00ba 1 en Pi\u00f1eiro, el JIM N\u00ba 2 \u201cHormiguita Viajera\u201d de Villa Corina y el JIM N\u00ba 3 \u201cIsla Maciel\u201d de Dock Sud, fueron las primeras instituciones en donde el Jefe Comunal entreg\u00f3 las medallas y ah\u00ed mismo resalt\u00f3 la importancia de la educaci\u00f3n en los primeros a\u00f1os de vida de los chicos y dijo: \u201cEstos ni\u00f1os tendr\u00e1n la posibilidad de tener asegurado un camino en todos los niveles: Primario; Secundario y Universitario, gracias a este Gobierno que fue el que tomo como estandarte a la educaci\u00f3n publica\u201d.<\/p>\n<p>Vale destacar que hasta mediados diciembre se continuar\u00e1 realizando la entrega de diplomas y medallas en cada jard\u00edn municipal.<\/p>\n","protected":false},"excerpt":{"rendered":"<p>Alrededor de 3000 ni\u00f1os son los que recibir\u00e1n sus regalos como egresados del nivel inicial.\u00a0 El Intendente de Avellaneda, Ing. Jorge Ferraresi comenz\u00f3 el viernes 29 de octubre, como cada a\u00f1o, la recorrida por todos los jardines infantes y maternales municipales para realizar la entrega de diplomas y medallas a todos los egresados. Los Jard\u00edn&hellip;<\/p>\n","protected":false},"author":1,"featured_media":0,"comment_status":"open","ping_status":"open","sticky":false,"template":"","format":"standard","meta":{"footnotes":""},"categories":[5],"tags":[461,9614,17580,1062,9613],"class_list":["post-39312","post","type-post","status-publish","format-standard","hentry","category-cultura","tag-avellaneda","tag-diplomas","tag-jardines-de-infantes","tag-jorge-ferraresi","tag-medallas"],"_links":{"self":[{"href":"https:\/\/www.elsindical.com.ar\/notas\/wp-json\/wp\/v2\/posts\/39312","targetHints":{"allow":["GET"]}}],"collection":[{"href":"https:\/\/www.elsindical.com.ar\/notas\/wp-json\/wp\/v2\/posts"}],"about":[{"href":"https:\/\/www.elsindical.com.ar\/notas\/wp-json\/wp\/v2\/types\/post"}],"author":[{"embeddable":true,"href":"https:\/\/www.elsindical.com.ar\/notas\/wp-json\/wp\/v2\/users\/1"}],"replies":[{"embeddable":true,"href":"https:\/\/www.elsindical.com.ar\/notas\/wp-json\/wp\/v2\/comments?post=39312"}],"version-history":[{"count":1,"href":"https:\/\/www.elsindical.com.ar\/notas\/wp-json\/wp\/v2\/posts\/39312\/revisions"}],"predecessor-version":[{"id":39314,"href":"https:\/\/www.elsindical.com.ar\/notas\/wp-json\/wp\/v2\/posts\/39312\/revisions\/39314"}],"wp:attachment":[{"href":"https:\/\/www.elsindical.com.ar\/notas\/wp-json\/wp\/v2\/media?parent=39312"}],"wp:term":[{"taxonomy":"category","embeddable":true,"href":"https:\/\/www.elsindical.com.ar\/notas\/wp-json\/wp\/v2\/categories?post=39312"},{"taxonomy":"post_tag","embeddable":true,"href":"https:\/\/www.elsindical.com.ar\/notas\/wp-json\/wp\/v2\/tags?post=39312"}],"curies":[{"name":"wp","href":"https:\/\/api.w.org\/{rel}","templated":true}]}}