{"id":39304,"date":"2013-12-02T14:43:23","date_gmt":"2013-12-02T17:43:23","guid":{"rendered":"http:\/\/www.elsindical.com.ar\/notas\/?p=39304"},"modified":"2013-12-02T14:43:23","modified_gmt":"2013-12-02T17:43:23","slug":"joaquin-gomez-logro-la-mejor-marca-mundial-en-lanzamiento-de-martillo","status":"publish","type":"post","link":"https:\/\/www.elsindical.com.ar\/notas\/joaquin-gomez-logro-la-mejor-marca-mundial-en-lanzamiento-de-martillo\/","title":{"rendered":"Joaqu\u00edn G\u00f3mez logr\u00f3 la mejor marca mundial en lanzamiento de martillo"},"content":{"rendered":"<p><em><span style=\"font-family: tahoma, sans-serif;\"><a href=\"http:\/\/www.elsindical.com.ar\/notas\/var\/www\/html\/notas\/wp-content\/uploads\/2013\/12\/img240_1.jpg\"><img loading=\"lazy\" decoding=\"async\" class=\"alignnone size-full wp-image-39306\" alt=\"img240_1\" src=\"http:\/\/www.elsindical.com.ar\/notas\/var\/www\/html\/notas\/wp-content\/uploads\/2013\/12\/img240_1.jpg\" width=\"295\" height=\"221\" \/><\/a>El joven de la Escuela Municipal de Atletismo obtuvo ese registro en la categor\u00eda Menores, durante una competencia realizada en el CENARD.<\/span>\u00a0<\/em><\/p>\n<p><span style=\"font-family: tahoma, sans-serif;\">Este s\u00e1bado 30 de noviembre, durante el encuentro atl\u00e9tico \u201cProfesor Hugo La Nasa\u201d que organiz\u00f3 la Federaci\u00f3n Atl\u00e9tica Metropolitana en el CENARD, el joven deportista de la Escuela Municipal de Atletismo de Avellaneda, Joaqu\u00edn G\u00f3mez, consigui\u00f3 la mejor marca mundial de la categor\u00eda menores en lanzamiento de martillo, al arrojar el implemento de 5 kg a una distancia de 85,38 mts.<\/span><\/p>\n<p><span style=\"font-family: tahoma, sans-serif;\">Joaqu\u00edn, de solo 17 a\u00f1os, super\u00f3 as\u00ed por 12 cent\u00edmetros el registro anterior, de un lanzador qatar\u00ed, el cual hab\u00eda sido obtenido en el 2011, y de esta manera cierra la temporada como el mejor lanzador de su categor\u00eda de menores de 18 a\u00f1os.<\/span><\/p>\n<p><span style=\"font-family: tahoma, sans-serif;\">Cabe destacar adem\u00e1s, que con esta marca el atleta local tambi\u00e9n impuso un nuevo registro a nivel sudamericano, el cual \u00e9l mismo pose\u00eda desde marzo de este a\u00f1o con 81,88 mts.<\/span><\/p>\n<p><span style=\"font-family: tahoma, sans-serif;\">Este torneo, y el del pr\u00f3ximo fin de semana en el CENARD significan la despedida de G\u00f3mez de la categor\u00eda menores, empezando en 2014 a competir en la categor\u00eda juveniles (hasta 20 a\u00f1os), donde su pr\u00f3ximo desaf\u00edo a nivel internacional ser\u00e1 en el pr\u00f3ximo Mundial de Oregon, en Estados Unidos.<\/span><\/p>\n<p><span style=\"font-family: tahoma, sans-serif;\">Luego de conseguir la marca, Joaqu\u00edn expres\u00f3: \u201cInteriormente estaba muy tranquilo, sin presiones, y enfoqu\u00e9 mejor mis lanzamientos. Sent\u00eda que pod\u00eda lograr una buena marca porque siempre a fin de a\u00f1o consigo buen nivel. Es una buena manera de despedirme de la categor\u00eda\u201d.<\/span><\/p>\n","protected":false},"excerpt":{"rendered":"<p>El joven de la Escuela Municipal de Atletismo obtuvo ese registro en la categor\u00eda Menores, durante una competencia realizada en el CENARD.\u00a0 Este s\u00e1bado 30 de noviembre, durante el encuentro atl\u00e9tico \u201cProfesor Hugo La Nasa\u201d que organiz\u00f3 la Federaci\u00f3n Atl\u00e9tica Metropolitana en el CENARD, el joven deportista de la Escuela Municipal de Atletismo de Avellaneda,&hellip;<\/p>\n","protected":false},"author":1,"featured_media":0,"comment_status":"open","ping_status":"open","sticky":false,"template":"","format":"standard","meta":{"footnotes":""},"categories":[7],"tags":[],"class_list":["post-39304","post","type-post","status-publish","format-standard","hentry","category-deportes"],"_links":{"self":[{"href":"https:\/\/www.elsindical.com.ar\/notas\/wp-json\/wp\/v2\/posts\/39304","targetHints":{"allow":["GET"]}}],"collection":[{"href":"https:\/\/www.elsindical.com.ar\/notas\/wp-json\/wp\/v2\/posts"}],"about":[{"href":"https:\/\/www.elsindical.com.ar\/notas\/wp-json\/wp\/v2\/types\/post"}],"author":[{"embeddable":true,"href":"https:\/\/www.elsindical.com.ar\/notas\/wp-json\/wp\/v2\/users\/1"}],"replies":[{"embeddable":true,"href":"https:\/\/www.elsindical.com.ar\/notas\/wp-json\/wp\/v2\/comments?post=39304"}],"version-history":[{"count":1,"href":"https:\/\/www.elsindical.com.ar\/notas\/wp-json\/wp\/v2\/posts\/39304\/revisions"}],"predecessor-version":[{"id":39307,"href":"https:\/\/www.elsindical.com.ar\/notas\/wp-json\/wp\/v2\/posts\/39304\/revisions\/39307"}],"wp:attachment":[{"href":"https:\/\/www.elsindical.com.ar\/notas\/wp-json\/wp\/v2\/media?parent=39304"}],"wp:term":[{"taxonomy":"category","embeddable":true,"href":"https:\/\/www.elsindical.com.ar\/notas\/wp-json\/wp\/v2\/categories?post=39304"},{"taxonomy":"post_tag","embeddable":true,"href":"https:\/\/www.elsindical.com.ar\/notas\/wp-json\/wp\/v2\/tags?post=39304"}],"curies":[{"name":"wp","href":"https:\/\/api.w.org\/{rel}","templated":true}]}}