{"id":39300,"date":"2013-12-02T06:30:55","date_gmt":"2013-12-02T09:30:55","guid":{"rendered":"http:\/\/www.elsindical.com.ar\/notas\/?p=39300"},"modified":"2013-12-02T06:31:26","modified_gmt":"2013-12-02T09:31:26","slug":"villa-crespotension-ente-inminente-desalojo-del-restaurante-ale-ale","status":"publish","type":"post","link":"https:\/\/www.elsindical.com.ar\/notas\/villa-crespotension-ente-inminente-desalojo-del-restaurante-ale-ale\/","title":{"rendered":"Villa Crespo:Tensi\u00f3n ente inminente desalojo del restaurante Al\u00e9 Al\u00e9"},"content":{"rendered":"<p><em><a href=\"http:\/\/www.elsindical.com.ar\/notas\/var\/www\/html\/notas\/wp-content\/uploads\/2013\/12\/restaurante-Al\u00e9-Al\u00e9.jpg\"><img loading=\"lazy\" decoding=\"async\" class=\"alignnone size-medium wp-image-39301\" alt=\"restaurante-Al\u00e9-Al\u00e9\" src=\"http:\/\/www.elsindical.com.ar\/notas\/var\/www\/html\/notas\/wp-content\/uploads\/2013\/12\/restaurante-Al\u00e9-Al\u00e9-300x193.jpg\" width=\"300\" height=\"193\" srcset=\"https:\/\/www.elsindical.com.ar\/notas\/var\/www\/html\/notas\/wp-content\/uploads\/2013\/12\/restaurante-Al\u00e9-Al\u00e9-300x193.jpg 300w, https:\/\/www.elsindical.com.ar\/notas\/var\/www\/html\/notas\/wp-content\/uploads\/2013\/12\/restaurante-Al\u00e9-Al\u00e9-464x300.jpg 464w, https:\/\/www.elsindical.com.ar\/notas\/var\/www\/html\/notas\/wp-content\/uploads\/2013\/12\/restaurante-Al\u00e9-Al\u00e9.jpg 531w\" sizes=\"auto, (max-width: 300px) 100vw, 300px\" \/><\/a>Se trata del conocido local de comidas Al\u00e9 Al\u00e9. Sus due\u00f1os quebraron y los trabajadores armaron una cooperativa para no perder el trabajo: Los empleados se preparan para resistir un operativo de la Metropolitana.<\/em><\/p>\n<p>Alrededor de unos 300 trabajadores del restaurante mantienen tomado el local, ubicado en la calle Estado de Israel al 4500, ante un inminente desalojo, que en principio estaba previsto para esta madrugada, alrededor de las 4 de la ma\u00f1ana, pero todav\u00eda no se concret\u00f3.<\/p>\n<p>Se trata de los cocineros y personal de limpieza del restaurant Al\u00e9 Al\u00e9, quienes hace m\u00e1s de un a\u00f1o lograron salvar de la quiebra al local gastron\u00f3mico tras la creaci\u00f3n de una cooperativa de trabajo con la intenci\u00f3n de alcanzar la autogesti\u00f3n.<\/p>\n<div>Ahora, momentos de tensi\u00f3n se viven en el barrio porte\u00f1o de Villa Crespo porque los trabajadores resisten un eventual desalojo. Seg\u00fan informaron, la Polic\u00eda Metropolitana llevar\u00eda a cabo el operativo en las pr\u00f3ximas horas.<\/div>\n<div><\/div>\n<div>La orden de desalojo fue solicitada por los due\u00f1os del inmueble donde funciona el restaurante, que no son los mismos viejos propietarios del local de comidas, quienes decidieron no renovarle el alquiler del lugar.<\/div>\n<div>\n<p>\u00abResistiremos pero no de ninguna forma salvaje. Estamos m\u00e1s de 300 personas aguantando a la Metropolitana a que entre\u00bb, dijo Andr\u00e9s Toledo en declaraciones a TN al tiempo que remarc\u00f3 que no quieren \u00abperjudicar a terceros\u00bb.<\/p>\n<\/div>\n","protected":false},"excerpt":{"rendered":"<p>Se trata del conocido local de comidas Al\u00e9 Al\u00e9. Sus due\u00f1os quebraron y los trabajadores armaron una cooperativa para no perder el trabajo: Los empleados se preparan para resistir un operativo de la Metropolitana. Alrededor de unos 300 trabajadores del restaurante mantienen tomado el local, ubicado en la calle Estado de Israel al 4500, ante&hellip;<\/p>\n","protected":false},"author":1,"featured_media":0,"comment_status":"open","ping_status":"open","sticky":false,"template":"","format":"standard","meta":{"footnotes":""},"categories":[25],"tags":[],"class_list":["post-39300","post","type-post","status-publish","format-standard","hentry","category-sociedad"],"_links":{"self":[{"href":"https:\/\/www.elsindical.com.ar\/notas\/wp-json\/wp\/v2\/posts\/39300","targetHints":{"allow":["GET"]}}],"collection":[{"href":"https:\/\/www.elsindical.com.ar\/notas\/wp-json\/wp\/v2\/posts"}],"about":[{"href":"https:\/\/www.elsindical.com.ar\/notas\/wp-json\/wp\/v2\/types\/post"}],"author":[{"embeddable":true,"href":"https:\/\/www.elsindical.com.ar\/notas\/wp-json\/wp\/v2\/users\/1"}],"replies":[{"embeddable":true,"href":"https:\/\/www.elsindical.com.ar\/notas\/wp-json\/wp\/v2\/comments?post=39300"}],"version-history":[{"count":2,"href":"https:\/\/www.elsindical.com.ar\/notas\/wp-json\/wp\/v2\/posts\/39300\/revisions"}],"predecessor-version":[{"id":39303,"href":"https:\/\/www.elsindical.com.ar\/notas\/wp-json\/wp\/v2\/posts\/39300\/revisions\/39303"}],"wp:attachment":[{"href":"https:\/\/www.elsindical.com.ar\/notas\/wp-json\/wp\/v2\/media?parent=39300"}],"wp:term":[{"taxonomy":"category","embeddable":true,"href":"https:\/\/www.elsindical.com.ar\/notas\/wp-json\/wp\/v2\/categories?post=39300"},{"taxonomy":"post_tag","embeddable":true,"href":"https:\/\/www.elsindical.com.ar\/notas\/wp-json\/wp\/v2\/tags?post=39300"}],"curies":[{"name":"wp","href":"https:\/\/api.w.org\/{rel}","templated":true}]}}