{"id":39242,"date":"2013-11-29T22:46:25","date_gmt":"2013-11-30T01:46:25","guid":{"rendered":"http:\/\/www.elsindical.com.ar\/notas\/?p=39242"},"modified":"2013-11-29T22:46:25","modified_gmt":"2013-11-30T01:46:25","slug":"capilla-del-senorse-entrego-el-captor-omar-deget","status":"publish","type":"post","link":"https:\/\/www.elsindical.com.ar\/notas\/capilla-del-senorse-entrego-el-captor-omar-deget\/","title":{"rendered":"Capilla del Se\u00f1or:se entreg\u00f3 el captor Omar Deget"},"content":{"rendered":"<p><em><a href=\"http:\/\/www.elsindical.com.ar\/notas\/var\/www\/html\/notas\/wp-content\/uploads\/2013\/11\/Omar-Deget.jpg\"><img loading=\"lazy\" decoding=\"async\" class=\"alignnone size-medium wp-image-39245\" alt=\"Omar-Deget\" src=\"http:\/\/www.elsindical.com.ar\/notas\/var\/www\/html\/notas\/wp-content\/uploads\/2013\/11\/Omar-Deget-300x200.jpg\" width=\"300\" height=\"200\" srcset=\"https:\/\/www.elsindical.com.ar\/notas\/var\/www\/html\/notas\/wp-content\/uploads\/2013\/11\/Omar-Deget-300x200.jpg 300w, https:\/\/www.elsindical.com.ar\/notas\/var\/www\/html\/notas\/wp-content\/uploads\/2013\/11\/Omar-Deget-448x300.jpg 448w, https:\/\/www.elsindical.com.ar\/notas\/var\/www\/html\/notas\/wp-content\/uploads\/2013\/11\/Omar-Deget.jpg 502w\" sizes=\"auto, (max-width: 300px) 100vw, 300px\" \/><\/a>Luego de casi 5 horas de tensi\u00f3n, el agresor que mantuvo cautiva a su ex esposa se entreg\u00f3 a la polic\u00eda tras negociar con los especialistas del grupo Halc\u00f3n. Miriam Toledo sufri\u00f3 lesiones por agresiones f\u00edsicas, pero est\u00e1 fuera de peligro bajo atenci\u00f3n m\u00e9dica.<\/em><\/p>\n<p>El hombre que ten\u00eda como reh\u00e9n a su exesposa en una vivienda de la localidad bonaerense de<b> Capilla del Se\u00f1or <\/b>se entreg\u00f3 finalmente luego de m\u00e1s de cinco horas de tensi\u00f3n, seg\u00fan indicaron fuentes policiales.<\/p>\n<p><b>Omar Deget,<\/b> de 40 a\u00f1os, ten\u00eda cautiva a su exmujer <b>Miriam Toledo<\/b>, en la casa que \u00e9sta habita en la calle Nicarag\u00fca y la intersecci\u00f3n con la ruta 39, en el barrio San Jos\u00e9 del partido de Exaltaci\u00f3n de la Cruz.<\/p>\n<p>Durante todo este tiempo, y tras golpear a Toledo, Deget la tuvo cautiva amenaz\u00e1ndola con un rev\u00f3lver, pero tras la tarea del Grupo Halc\u00f3n, depuso su actitud.<\/p>\n","protected":false},"excerpt":{"rendered":"<p>Luego de casi 5 horas de tensi\u00f3n, el agresor que mantuvo cautiva a su ex esposa se entreg\u00f3 a la polic\u00eda tras negociar con los especialistas del grupo Halc\u00f3n. Miriam Toledo sufri\u00f3 lesiones por agresiones f\u00edsicas, pero est\u00e1 fuera de peligro bajo atenci\u00f3n m\u00e9dica. El hombre que ten\u00eda como reh\u00e9n a su exesposa en una&hellip;<\/p>\n","protected":false},"author":1,"featured_media":0,"comment_status":"open","ping_status":"open","sticky":false,"template":"","format":"standard","meta":{"footnotes":""},"categories":[22],"tags":[10446,17545,17546],"class_list":["post-39242","post","type-post","status-publish","format-standard","hentry","category-policiales","tag-capilla-del-senor","tag-miriam-toledo","tag-omar-deget"],"_links":{"self":[{"href":"https:\/\/www.elsindical.com.ar\/notas\/wp-json\/wp\/v2\/posts\/39242","targetHints":{"allow":["GET"]}}],"collection":[{"href":"https:\/\/www.elsindical.com.ar\/notas\/wp-json\/wp\/v2\/posts"}],"about":[{"href":"https:\/\/www.elsindical.com.ar\/notas\/wp-json\/wp\/v2\/types\/post"}],"author":[{"embeddable":true,"href":"https:\/\/www.elsindical.com.ar\/notas\/wp-json\/wp\/v2\/users\/1"}],"replies":[{"embeddable":true,"href":"https:\/\/www.elsindical.com.ar\/notas\/wp-json\/wp\/v2\/comments?post=39242"}],"version-history":[{"count":2,"href":"https:\/\/www.elsindical.com.ar\/notas\/wp-json\/wp\/v2\/posts\/39242\/revisions"}],"predecessor-version":[{"id":39246,"href":"https:\/\/www.elsindical.com.ar\/notas\/wp-json\/wp\/v2\/posts\/39242\/revisions\/39246"}],"wp:attachment":[{"href":"https:\/\/www.elsindical.com.ar\/notas\/wp-json\/wp\/v2\/media?parent=39242"}],"wp:term":[{"taxonomy":"category","embeddable":true,"href":"https:\/\/www.elsindical.com.ar\/notas\/wp-json\/wp\/v2\/categories?post=39242"},{"taxonomy":"post_tag","embeddable":true,"href":"https:\/\/www.elsindical.com.ar\/notas\/wp-json\/wp\/v2\/tags?post=39242"}],"curies":[{"name":"wp","href":"https:\/\/api.w.org\/{rel}","templated":true}]}}