{"id":39239,"date":"2013-11-29T18:03:28","date_gmt":"2013-11-29T21:03:28","guid":{"rendered":"http:\/\/www.elsindical.com.ar\/notas\/?p=39239"},"modified":"2013-11-29T18:03:28","modified_gmt":"2013-11-29T21:03:28","slug":"capilla-del-senorhombre-mantiene-cautiva-a-su-ex-esposa","status":"publish","type":"post","link":"https:\/\/www.elsindical.com.ar\/notas\/capilla-del-senorhombre-mantiene-cautiva-a-su-ex-esposa\/","title":{"rendered":"Capilla del Se\u00f1or:Hombre mantiene cautiva a su ex esposa"},"content":{"rendered":"<p><a href=\"http:\/\/www.elsindical.com.ar\/notas\/var\/www\/html\/notas\/wp-content\/uploads\/2013\/11\/Capilla-del-Se\u00f1or-mujer-cautiva.jpg\"><img loading=\"lazy\" decoding=\"async\" class=\"alignnone size-medium wp-image-39240\" alt=\"Capilla-del-Se\u00f1or-mujer-cautiva\" src=\"http:\/\/www.elsindical.com.ar\/notas\/var\/www\/html\/notas\/wp-content\/uploads\/2013\/11\/Capilla-del-Se\u00f1or-mujer-cautiva-300x170.jpg\" width=\"300\" height=\"170\" srcset=\"https:\/\/www.elsindical.com.ar\/notas\/var\/www\/html\/notas\/wp-content\/uploads\/2013\/11\/Capilla-del-Se\u00f1or-mujer-cautiva-300x170.jpg 300w, https:\/\/www.elsindical.com.ar\/notas\/var\/www\/html\/notas\/wp-content\/uploads\/2013\/11\/Capilla-del-Se\u00f1or-mujer-cautiva-500x284.jpg 500w, https:\/\/www.elsindical.com.ar\/notas\/var\/www\/html\/notas\/wp-content\/uploads\/2013\/11\/Capilla-del-Se\u00f1or-mujer-cautiva.jpg 531w\" sizes=\"auto, (max-width: 300px) 100vw, 300px\" \/><\/a>Un hombre mantiene secuestrada a su ex mujer en una vivienda de dicha localidad bonaerense. En un prinicipio afirmaron que hab\u00eda menores, pero despu\u00e9s se deminti\u00f3. El Grupo Halc\u00f3n se encuentra en el lugar.<\/p>\n<p>Un hombre mantiene como reh\u00e9n a su ex esposa en una vivienda de la localidad bonaerense de Capilla del Se\u00f1or, y el individuo le dijo a la polic\u00eda que tambi\u00e9n hay all\u00ed menores de edad.<\/p>\n<p>Seg\u00fan indicaron fuentes policiales, el hecho se enmarca en medio de una crisis familiar, y expertos de la Polic\u00eda bonaerense se encuentran rodeando la vivienda.<\/p>\n<p>El sujeto amenaza a la mujer y le dijo a los efectivos policiales que tiene armamento en su poder.<\/p>\n","protected":false},"excerpt":{"rendered":"<p>Un hombre mantiene secuestrada a su ex mujer en una vivienda de dicha localidad bonaerense. En un prinicipio afirmaron que hab\u00eda menores, pero despu\u00e9s se deminti\u00f3. El Grupo Halc\u00f3n se encuentra en el lugar. Un hombre mantiene como reh\u00e9n a su ex esposa en una vivienda de la localidad bonaerense de Capilla del Se\u00f1or, y&hellip;<\/p>\n","protected":false},"author":1,"featured_media":0,"comment_status":"open","ping_status":"open","sticky":false,"template":"","format":"standard","meta":{"footnotes":""},"categories":[22],"tags":[10446,8035,9617,961,30],"class_list":["post-39239","post","type-post","status-publish","format-standard","hentry","category-policiales","tag-capilla-del-senor","tag-cautiva","tag-ex-esposa","tag-grupo-halcon","tag-policia"],"_links":{"self":[{"href":"https:\/\/www.elsindical.com.ar\/notas\/wp-json\/wp\/v2\/posts\/39239","targetHints":{"allow":["GET"]}}],"collection":[{"href":"https:\/\/www.elsindical.com.ar\/notas\/wp-json\/wp\/v2\/posts"}],"about":[{"href":"https:\/\/www.elsindical.com.ar\/notas\/wp-json\/wp\/v2\/types\/post"}],"author":[{"embeddable":true,"href":"https:\/\/www.elsindical.com.ar\/notas\/wp-json\/wp\/v2\/users\/1"}],"replies":[{"embeddable":true,"href":"https:\/\/www.elsindical.com.ar\/notas\/wp-json\/wp\/v2\/comments?post=39239"}],"version-history":[{"count":1,"href":"https:\/\/www.elsindical.com.ar\/notas\/wp-json\/wp\/v2\/posts\/39239\/revisions"}],"predecessor-version":[{"id":39241,"href":"https:\/\/www.elsindical.com.ar\/notas\/wp-json\/wp\/v2\/posts\/39239\/revisions\/39241"}],"wp:attachment":[{"href":"https:\/\/www.elsindical.com.ar\/notas\/wp-json\/wp\/v2\/media?parent=39239"}],"wp:term":[{"taxonomy":"category","embeddable":true,"href":"https:\/\/www.elsindical.com.ar\/notas\/wp-json\/wp\/v2\/categories?post=39239"},{"taxonomy":"post_tag","embeddable":true,"href":"https:\/\/www.elsindical.com.ar\/notas\/wp-json\/wp\/v2\/tags?post=39239"}],"curies":[{"name":"wp","href":"https:\/\/api.w.org\/{rel}","templated":true}]}}