{"id":39229,"date":"2013-11-29T09:58:13","date_gmt":"2013-11-29T12:58:13","guid":{"rendered":"http:\/\/www.elsindical.com.ar\/notas\/?p=39229"},"modified":"2013-11-29T09:58:13","modified_gmt":"2013-11-29T12:58:13","slug":"escandalo-por-denuncia-de-acoso-sexual-en-tribunales","status":"publish","type":"post","link":"https:\/\/www.elsindical.com.ar\/notas\/escandalo-por-denuncia-de-acoso-sexual-en-tribunales\/","title":{"rendered":"Esc\u00e1ndalo por denuncia de acoso sexual en Tribunales"},"content":{"rendered":"<p><em><a href=\"http:\/\/www.elsindical.com.ar\/notas\/var\/www\/html\/notas\/wp-content\/uploads\/2011\/02\/edificio-de-Comodoro-Py.jpg\"><img loading=\"lazy\" decoding=\"async\" class=\"alignnone size-medium wp-image-12476\" alt=\"edificio-de-Comodoro-Py\" src=\"http:\/\/www.elsindical.com.ar\/notas\/var\/www\/html\/notas\/wp-content\/uploads\/2011\/02\/edificio-de-Comodoro-Py-300x180.jpg\" width=\"300\" height=\"180\" srcset=\"https:\/\/www.elsindical.com.ar\/notas\/var\/www\/html\/notas\/wp-content\/uploads\/2011\/02\/edificio-de-Comodoro-Py-300x180.jpg 300w, https:\/\/www.elsindical.com.ar\/notas\/var\/www\/html\/notas\/wp-content\/uploads\/2011\/02\/edificio-de-Comodoro-Py.jpg 413w\" sizes=\"auto, (max-width: 300px) 100vw, 300px\" \/><\/a>El prosecretario de una Sala de la C\u00e1mara Nacional de Casaci\u00f3n Penal fue acusado de acosar sexualmente a una empleada de limpieza en los tribunales federales de Comodoro Py.<\/em><\/p>\n<p>El esc\u00e1ndalo se registr\u00f3 hace dos semanas,\u00a0 pero reci\u00e9n ayer explot\u00f3 en los <b>tribunales federales de Comodoro Py<\/b>, del\u00a0 barrio de Retiro, cuando se conoci\u00f3 que un alto funcionario judicial\u00a0 fue denunciado por acosar sexualmente a una empleada de limpieza del\u00a0 predio, y el caso ahora es investigado por la <b>Oficina de la Mujer <\/b>de la\u00a0 Corte Suprema de Justicia y una fiscal\u00eda especializada en delitos\u00a0 sexuales.<\/p>\n<p>De acuerdo a la informaci\u00f3n que trascendi\u00f3\u00a0 ayer, el acusado es el prosecretario de una Sala de la C\u00e1mara Nacional\u00a0 de Casaci\u00f3n Penal, uno de los organismos judiciales m\u00e1s importantes del\u00a0 pa\u00eds, encargado de revisar fallos de primera instancia en el marco de\u00a0 causas por delitos federales.<\/p>\n<p>La escandalosa situaci\u00f3n ya se conoc\u00eda desde\u00a0 mediados de noviembre en los pasillos de Comodoro Py, sin embargo tom\u00f3\u00a0 trascendencia p\u00fablica ayer a trav\u00e9s de un informe period\u00edstico en la\u00a0 r<b>adio Vorterix.<\/b><\/p>\n<p>Aunque durante la jornada se mantuvo el\u00a0 hermetismo en los tribunales federales, finalmente se indic\u00f3 que la\u00a0 presidenta de la Sala 1, <b>Liliana Catucci<\/b>, decidi\u00f3 convocar -a trav\u00e9s de\u00a0 una secretaria- a la presunta damnificada, una joven empleada de\u00a0 limpieza, para obtener el testimonio directo s<b>obre la escandalosa\u00a0 persecuci\u00f3n sexual.<\/b><\/p>\n<p>Luego, se present\u00f3 una denuncia ante la\u00a0 Unidad Fiscal de Delitos Sexuales de la Procuraci\u00f3n General de la\u00a0 Naci\u00f3n, pero tambi\u00e9n se solicit\u00f3 la intervenci\u00f3n urgente del personal\u00a0 especializado de la Oficina de la Mujer de la Corte Suprema de Justicia.<\/p>\n<p>La informaci\u00f3n que se conoci\u00f3 durante la\u00a0 jornada de ayer en torno a la denuncia sostiene que el acusado, un alto\u00a0 funcionario con grado de prosecretario, <b>acos\u00f3 sexualmente a la mujer en\u00a0 los ba\u00f1os del predio de tribunales,<\/b> y otra versi\u00f3n indic\u00f3 que la\u00a0 convenci\u00f3 para desempe\u00f1ar tareas dom\u00e9sticas en su propia casa, donde\u00a0 habr\u00eda ocurrido el delito denunciado.<\/p>\n<p>Asimismo, se conoci\u00f3 que a partir del\u00a0 esc\u00e1ndalo, la empresa de limpieza a cargo del predio habr\u00eda sido\u00a0 presionada apenas ocurri\u00f3 el hecho para modificar el destino laboral de\u00a0 la mujer presuntamente acosada sexualmente. As\u00ed, la damnificada habr\u00eda\u00a0 sido cambiada de edificio.<\/p>\n<p>\u00abUn empleado se acerc\u00f3 a otra chica de\u00a0 limpieza preguntando por el hecho y recibi\u00f3 esta respuesta: <b>\u00abse piensan\u00a0 que porque trabajamos en limpieza, tenemos que hacer todo lo que nos\u00a0 pidan<\/b>, sea lo que sea\u00bb. Se espera un comunicado oficial que aclare las\u00a0 cosas\u00bb, inform\u00f3 anoche el portal Expediente Pol\u00edtico, que sigui\u00f3 el\u00a0 caso.<\/p>\n","protected":false},"excerpt":{"rendered":"<p>El prosecretario de una Sala de la C\u00e1mara Nacional de Casaci\u00f3n Penal fue acusado de acosar sexualmente a una empleada de limpieza en los tribunales federales de Comodoro Py. El esc\u00e1ndalo se registr\u00f3 hace dos semanas,\u00a0 pero reci\u00e9n ayer explot\u00f3 en los tribunales federales de Comodoro Py, del\u00a0 barrio de Retiro, cuando se conoci\u00f3 que&hellip;<\/p>\n","protected":false},"author":1,"featured_media":0,"comment_status":"open","ping_status":"open","sticky":false,"template":"","format":"standard","meta":{"footnotes":""},"categories":[6],"tags":[4562,4037,7361,16015,1112],"class_list":["post-39229","post","type-post","status-publish","format-standard","hentry","category-denuncias","tag-acoso-sexual","tag-camara-nacional-de-casacion-penal","tag-corte-suprema-de-justicia","tag-oficina-de-la-mujer","tag-tribunales"],"_links":{"self":[{"href":"https:\/\/www.elsindical.com.ar\/notas\/wp-json\/wp\/v2\/posts\/39229","targetHints":{"allow":["GET"]}}],"collection":[{"href":"https:\/\/www.elsindical.com.ar\/notas\/wp-json\/wp\/v2\/posts"}],"about":[{"href":"https:\/\/www.elsindical.com.ar\/notas\/wp-json\/wp\/v2\/types\/post"}],"author":[{"embeddable":true,"href":"https:\/\/www.elsindical.com.ar\/notas\/wp-json\/wp\/v2\/users\/1"}],"replies":[{"embeddable":true,"href":"https:\/\/www.elsindical.com.ar\/notas\/wp-json\/wp\/v2\/comments?post=39229"}],"version-history":[{"count":1,"href":"https:\/\/www.elsindical.com.ar\/notas\/wp-json\/wp\/v2\/posts\/39229\/revisions"}],"predecessor-version":[{"id":39230,"href":"https:\/\/www.elsindical.com.ar\/notas\/wp-json\/wp\/v2\/posts\/39229\/revisions\/39230"}],"wp:attachment":[{"href":"https:\/\/www.elsindical.com.ar\/notas\/wp-json\/wp\/v2\/media?parent=39229"}],"wp:term":[{"taxonomy":"category","embeddable":true,"href":"https:\/\/www.elsindical.com.ar\/notas\/wp-json\/wp\/v2\/categories?post=39229"},{"taxonomy":"post_tag","embeddable":true,"href":"https:\/\/www.elsindical.com.ar\/notas\/wp-json\/wp\/v2\/tags?post=39229"}],"curies":[{"name":"wp","href":"https:\/\/api.w.org\/{rel}","templated":true}]}}