{"id":39226,"date":"2013-11-29T09:38:55","date_gmt":"2013-11-29T12:38:55","guid":{"rendered":"http:\/\/www.elsindical.com.ar\/notas\/?p=39226"},"modified":"2013-11-29T09:39:28","modified_gmt":"2013-11-29T12:39:28","slug":"el-robo-al-secretario-administrativo-de-independiente-tiene-caracteristicas-mafiosas","status":"publish","type":"post","link":"https:\/\/www.elsindical.com.ar\/notas\/el-robo-al-secretario-administrativo-de-independiente-tiene-caracteristicas-mafiosas\/","title":{"rendered":"El robo al secretario administrativo de Independiente tiene caracter\u00edsticas mafiosas"},"content":{"rendered":"<p><em><b><a href=\"http:\/\/www.elsindical.com.ar\/notas\/var\/www\/html\/notas\/wp-content\/uploads\/2013\/11\/Claudio-Ciancio.jpg\"><img loading=\"lazy\" decoding=\"async\" class=\"alignnone size-medium wp-image-39227\" alt=\"Claudio-Ciancio\" src=\"http:\/\/www.elsindical.com.ar\/notas\/var\/www\/html\/notas\/wp-content\/uploads\/2013\/11\/Claudio-Ciancio-300x172.jpg\" width=\"300\" height=\"172\" srcset=\"https:\/\/www.elsindical.com.ar\/notas\/var\/www\/html\/notas\/wp-content\/uploads\/2013\/11\/Claudio-Ciancio-300x172.jpg 300w, https:\/\/www.elsindical.com.ar\/notas\/var\/www\/html\/notas\/wp-content\/uploads\/2013\/11\/Claudio-Ciancio-500x287.jpg 500w, https:\/\/www.elsindical.com.ar\/notas\/var\/www\/html\/notas\/wp-content\/uploads\/2013\/11\/Claudio-Ciancio.jpg 502w\" sizes=\"auto, (max-width: 300px) 100vw, 300px\" \/><\/a>Claudio Ciancio<\/b>, secretario administrativo del club de Avellaneda, relat\u00f3 como fue el momento en que le entraron a robar a su casa. La Justicia y el dirigente <b>relacionan el asalto con un ataque de la barra. \u00abMi familia est\u00e1 asustada\u00bb, <\/b>asumi\u00f3.<\/em><\/p>\n<p><b>\u00abNo fue un robo com\u00fan\u00bb, <\/b>asumi\u00f3<b> Claudio Ciancio <\/b>en la puerta de su casa de Caballito, un d\u00eda despu\u00e9s de que tres personas entraran a robarle y le dejar\u00e1n un mensaje muy claro. <b>\u00abVos ya sabes qui\u00e9n nos mand\u00f3\u00bb<\/b>, le dijeron al Secretario Administrativo del club, qui\u00e9n hab\u00eda sufrido la amenaza de <b>Pablo \u00abBebote\u00bb \u00c1lvarez <\/b>diez d\u00edas antes.<\/p>\n<p>El dirigente del \u00abRojo\u00bb relat\u00f3 c\u00f3mo fue la secuencia del robo y la charla que tuvo con el l\u00edder de una de las facciones de la barra en la previa del encuentro antes Douglas Haig.<b> \u00abBebote se acerc\u00f3 a m\u00ed en las inmediaciones del estadio y me dijo que sus compa\u00f1eros me la quer\u00edan dar\u00bb<\/b>, asegur\u00f3.<\/p>\n<p>Seg\u00fan el relato de Ciancio la amenaza de \u00c1lvarez lleg\u00f3 con un argumento. <b>\u00abLos muchachos est\u00e1n muy nerviosos porque los est\u00e1s controlando mucho y yo no puedo seguir conteni\u00e9ndolos\u00bb, le dijo &#8216;Bebote\u00bb <\/b>a uno de los dirigentes encargados en controlar la seguridad del club.<\/p>\n<p>Ciancio cont\u00f3 que en la \u00faltima semana ven\u00edan sucediendo hechos sospechosos que lo obligaron a pensar que ten\u00edan relacionan directa con la barra. <b>\u00abEl jueves llamaron a mi se\u00f1ora dici\u00e9ndole que estaba internado en el Hospital Fern\u00e1ndez y era mentira\u00bb<\/b>, sostuvo.<\/p>\n<p><b>\u00abAyer volvieron a llamar a mi casa para decir que iban a traer una poliza de seguro cuando ese no es el funcionamiento normal de entrega. Ah\u00ed mismo volv\u00ed del club y a las 10:15 me ingresaron a robar\u00bb<\/b>, cont\u00f3 el dirigente.<\/p>\n<p>Ciancio cont\u00f3 que\u00a0\u00a0<b>\u00abrobaron todo lo que pudieron\u00bb <\/b>y que los <b>\u00abataron de pies y manos\u00bb,<\/b> en un lapso de cuarenta minutos. <b>\u00abMi familia est\u00e1 asustada. Es una situaci\u00f3n delicada\u00bb<\/b>, asegur\u00f3. Independiente disfruta de su presente futbol\u00edstico pero sigue sufriendo a su barra.<\/p>\n<p>&nbsp;<\/p>\n","protected":false},"excerpt":{"rendered":"<p>Claudio Ciancio, secretario administrativo del club de Avellaneda, relat\u00f3 como fue el momento en que le entraron a robar a su casa. La Justicia y el dirigente relacionan el asalto con un ataque de la barra. \u00abMi familia est\u00e1 asustada\u00bb, asumi\u00f3. \u00abNo fue un robo com\u00fan\u00bb, asumi\u00f3 Claudio Ciancio en la puerta de su casa&hellip;<\/p>\n","protected":false},"author":1,"featured_media":0,"comment_status":"open","ping_status":"open","sticky":false,"template":"","format":"standard","meta":{"footnotes":""},"categories":[22],"tags":[17543,4449,8746,116],"class_list":["post-39226","post","type-post","status-publish","format-standard","hentry","category-policiales","tag-claudio-ciancio","tag-independiente","tag-pablo-bebote-alvarez","tag-robo"],"_links":{"self":[{"href":"https:\/\/www.elsindical.com.ar\/notas\/wp-json\/wp\/v2\/posts\/39226","targetHints":{"allow":["GET"]}}],"collection":[{"href":"https:\/\/www.elsindical.com.ar\/notas\/wp-json\/wp\/v2\/posts"}],"about":[{"href":"https:\/\/www.elsindical.com.ar\/notas\/wp-json\/wp\/v2\/types\/post"}],"author":[{"embeddable":true,"href":"https:\/\/www.elsindical.com.ar\/notas\/wp-json\/wp\/v2\/users\/1"}],"replies":[{"embeddable":true,"href":"https:\/\/www.elsindical.com.ar\/notas\/wp-json\/wp\/v2\/comments?post=39226"}],"version-history":[{"count":1,"href":"https:\/\/www.elsindical.com.ar\/notas\/wp-json\/wp\/v2\/posts\/39226\/revisions"}],"predecessor-version":[{"id":39228,"href":"https:\/\/www.elsindical.com.ar\/notas\/wp-json\/wp\/v2\/posts\/39226\/revisions\/39228"}],"wp:attachment":[{"href":"https:\/\/www.elsindical.com.ar\/notas\/wp-json\/wp\/v2\/media?parent=39226"}],"wp:term":[{"taxonomy":"category","embeddable":true,"href":"https:\/\/www.elsindical.com.ar\/notas\/wp-json\/wp\/v2\/categories?post=39226"},{"taxonomy":"post_tag","embeddable":true,"href":"https:\/\/www.elsindical.com.ar\/notas\/wp-json\/wp\/v2\/tags?post=39226"}],"curies":[{"name":"wp","href":"https:\/\/api.w.org\/{rel}","templated":true}]}}