{"id":39179,"date":"2013-11-27T23:08:09","date_gmt":"2013-11-28T02:08:09","guid":{"rendered":"http:\/\/www.elsindical.com.ar\/notas\/?p=39179"},"modified":"2013-11-27T23:08:09","modified_gmt":"2013-11-28T02:08:09","slug":"no-a-funcionarias-del-pro-en-la-asesoria-general-tutelar","status":"publish","type":"post","link":"https:\/\/www.elsindical.com.ar\/notas\/no-a-funcionarias-del-pro-en-la-asesoria-general-tutelar\/","title":{"rendered":"No a funcionarias del PRO en la Asesor\u00eda General Tutelar"},"content":{"rendered":"<p align=\"center\"><b><a href=\"http:\/\/www.elsindical.com.ar\/notas\/var\/www\/html\/notas\/wp-content\/uploads\/2013\/11\/Yael-Bendel.jpg\"><img loading=\"lazy\" decoding=\"async\" class=\"alignnone size-medium wp-image-39180\" alt=\"Yael-Bendel\" src=\"http:\/\/www.elsindical.com.ar\/notas\/var\/www\/html\/notas\/wp-content\/uploads\/2013\/11\/Yael-Bendel-195x300.jpg\" width=\"195\" height=\"300\" srcset=\"https:\/\/www.elsindical.com.ar\/notas\/var\/www\/html\/notas\/wp-content\/uploads\/2013\/11\/Yael-Bendel-195x300.jpg 195w, https:\/\/www.elsindical.com.ar\/notas\/var\/www\/html\/notas\/wp-content\/uploads\/2013\/11\/Yael-Bendel.jpg 325w\" sizes=\"auto, (max-width: 195px) 100vw, 195px\" \/><\/a>LOS\u00a0 TRABAJADORES Y TRABAJADORAS DEL ESTADO\u00a0DECIMOS<\/b><\/p>\n<p align=\"center\"><b>NO<\/b><b>\u00a0A\u00a0 FUNCIONARIAS DEL PRO EN LA ASESOR\u00cdA GENERAL\u00a0 TUTELAR<\/b><\/p>\n<p>Como\u00a0 trabajadores\/as del Estado en las \u00e1reas de Ni\u00f1ez y Adolescencia \u00a0y Salud\u00a0 Mental expresamos nuestra \u00a0adhesi\u00f3n a la solicitud de impugnaci\u00f3n\u00a0 presentada por organismos de Derechos Humanos y Sociales\u00a0a la postulaci\u00f3n\u00a0 promovida por el oficialismo de la Ciudad de Buenos Aires de\u00a0 la Dra. Yael\u00a0 Bendel (funcionaria del PRO) al frente de la Asesor\u00eda General Tutelar\u00a0 (AGT).<\/p>\n<p><b>La\u00a0 \u00a0AGT es un organismo judicial que debe velar por los derechos de ni\u00f1os,\u00a0 ni\u00f1as y adolescentes, as\u00ed como de las personas que padecen sufrimiento mental.\u00a0 \u00a0Es parte de su funci\u00f3n controlar al Poder Ejecutivo de la Ciudad.\u00a0\u00a0\u00a0\u00a0<\/b><\/p>\n<p>El\u00a0 GCBA en manos del PRO liderado por Mauricio Macri ha sido lamentablemente un\u00a0 agente de vulneraci\u00f3n permanente de los derechos de las poblaciones\u00a0 que\u00a0\u00a0debe proteger. Basta citar al respecto algunos ejemplos como la\u00a0 represi\u00f3n sobre pacientes en el Hospital Borda, el cierre de grados y cursos en\u00a0 la escuela p\u00fablica, o la nefasta UCEP.<\/p>\n<p>Espec\u00edficamente\u00a0 en los a\u00f1os de gesti\u00f3n como presidenta del Consejo, Yael Bendel ha jugado un rol\u00a0 central en el achicamiento del sistema de protecci\u00f3n integral de derechos de\u00a0 ni\u00f1as, ni\u00f1os y adolescentes y en el incumplimiento de la Ley 114.<\/p>\n<p>Nunca\u00a0 un funcionario\/a del\u00a0Poder Ejecutivo (PRO)\u00a0puede estar a la cabeza de\u00a0 la AGT, ya que\u00a0 ello constituir\u00eda la acumulaci\u00f3n de un poder capaz de garantizar la ausencia\u00a0 o\u00a0discrecionalidad\u00a0en el \u00a0control y la sanci\u00f3n, en fin, la\u00a0 impunidad misma.<\/p>\n<p>Nosotros\/as\u00a0 conocemos el funcionamiento diario del Estado. Somos los trabajadores\/as que\u00a0 ponemos el cuerpo, la cabeza y nuestro profesionalismo diariamente en las\u00a0 pol\u00edticas p\u00fablicas, \u00a0programas y dispositivos, intentando\u00a0 promover y\u00a0 garantizar derechos.\u00a0 Creemos que los trabajadores\/as del organismo y de\u00a0 todas las \u00e1reas de ni\u00f1ez, adolescencia y salud mental \u00a0deben formar parte\u00a0 de la decisi\u00f3n sobre qui\u00e9n ocupar\u00e1 el cargo de Asesor\/a General Tutelar.\u00a0\u00a0 Incluso sostenemos que ese lugar puede ser ocupado por un trabajador\/a,\u00a0 ya\u00a0 que hay compa\u00f1eros\/as id\u00f3neos, comprometidos y con la independencia pol\u00edtica\u00a0 necesaria.<\/p>\n<p align=\"center\"><b>Desde\u00a0 nuestro compromiso con lo p\u00fablico, con los pibes y pibas, con la gente, decimos\u00a0 NO a una figura del PRO en la\u00a0 AGT.\u00a0<\/b><\/p>\n<p align=\"center\"><b>SI\u00a0 a la independencia del organismo.<\/b><\/p>\n<p>Llamamos\u00a0 a la reflexi\u00f3n urgente a todos y cada uno de los legisladores\/as de\u00a0 la Ciudad para\u00a0 que ning\u00fan acuerdo entre partidos permita que la postulaci\u00f3n de Bendel u otra\u00a0 figura del PRO avance. \u00a0Los derechos de los sectores m\u00e1s vulnerables est\u00e1n\u00a0 en juego.<span style=\"font-size: small;\">\u00a0<\/span><span style=\"font-size: small;\">\u00a0<\/span><\/p>\n<p>Contactos:<\/p>\n<p><strong>Luciana\u00a0 Paudullo<\/strong> 1559835792<\/p>\n<p><strong>Mariano Skliar<\/strong>\u00a01536743448<\/p>\n<p><strong>Emiliano Bisaro\u00a0\u00a0 <\/strong>1558171988<\/p>\n<p><strong>Humberto Rodr\u00edguez <\/strong>1536055596<\/p>\n<p><b><i>Junta\u00a0 Interna de Delegados\/as ATE &#8211; Subsecretar\u00eda Promoci\u00f3n Social\u00a0 \u00a0(GCBA)<\/i><\/b><\/p>\n<p><b><i>Junta\u00a0 Interna de Delegados\/as ATE &#8211; SENNAF\u00a0<\/i><\/b><\/p>\n<p><b><i>Junta\u00a0 Interna de Delegados\/as\u00a0 ATE &#8211; Programa BAP (GCBA)<\/i><\/b><\/p>\n<p><b><i>Junta\u00a0 Interna de Delegadas\/os ATE &#8211; Consejo de los Derechos de Ni\u00f1as, Ni\u00f1os y\u00a0 Adolescentes (GCBA)<\/i><\/b><\/p>\n<p><b><i>Espacio\u00a0 de Ni\u00f1ez \u00a0ATE-capital<\/i><\/b><\/p>\n<p><b><i>Encuentro\u00a0 Ni\u00f1ez y Territorio CTA Capital<\/i><\/b><\/p>\n<p><span style=\"font-size: medium;\"><strong>Secretar\u00eda de Comunicaci\u00f3n\u00a0 <\/strong><\/span><\/p>\n","protected":false},"excerpt":{"rendered":"<p>LOS\u00a0 TRABAJADORES Y TRABAJADORAS DEL ESTADO\u00a0DECIMOS NO\u00a0A\u00a0 FUNCIONARIAS DEL PRO EN LA ASESOR\u00cdA GENERAL\u00a0 TUTELAR Como\u00a0 trabajadores\/as del Estado en las \u00e1reas de Ni\u00f1ez y Adolescencia \u00a0y Salud\u00a0 Mental expresamos nuestra \u00a0adhesi\u00f3n a la solicitud de impugnaci\u00f3n\u00a0 presentada por organismos de Derechos Humanos y Sociales\u00a0a la postulaci\u00f3n\u00a0 promovida por el oficialismo de la Ciudad de&hellip;<\/p>\n","protected":false},"author":1,"featured_media":0,"comment_status":"open","ping_status":"open","sticky":false,"template":"","format":"standard","meta":{"footnotes":""},"categories":[16],"tags":[17524,290,328,806],"class_list":["post-39179","post","type-post","status-publish","format-standard","hentry","category-gremiales","tag-asesoria-general-tutelar","tag-ate","tag-pro","tag-ucep"],"_links":{"self":[{"href":"https:\/\/www.elsindical.com.ar\/notas\/wp-json\/wp\/v2\/posts\/39179","targetHints":{"allow":["GET"]}}],"collection":[{"href":"https:\/\/www.elsindical.com.ar\/notas\/wp-json\/wp\/v2\/posts"}],"about":[{"href":"https:\/\/www.elsindical.com.ar\/notas\/wp-json\/wp\/v2\/types\/post"}],"author":[{"embeddable":true,"href":"https:\/\/www.elsindical.com.ar\/notas\/wp-json\/wp\/v2\/users\/1"}],"replies":[{"embeddable":true,"href":"https:\/\/www.elsindical.com.ar\/notas\/wp-json\/wp\/v2\/comments?post=39179"}],"version-history":[{"count":1,"href":"https:\/\/www.elsindical.com.ar\/notas\/wp-json\/wp\/v2\/posts\/39179\/revisions"}],"predecessor-version":[{"id":39181,"href":"https:\/\/www.elsindical.com.ar\/notas\/wp-json\/wp\/v2\/posts\/39179\/revisions\/39181"}],"wp:attachment":[{"href":"https:\/\/www.elsindical.com.ar\/notas\/wp-json\/wp\/v2\/media?parent=39179"}],"wp:term":[{"taxonomy":"category","embeddable":true,"href":"https:\/\/www.elsindical.com.ar\/notas\/wp-json\/wp\/v2\/categories?post=39179"},{"taxonomy":"post_tag","embeddable":true,"href":"https:\/\/www.elsindical.com.ar\/notas\/wp-json\/wp\/v2\/tags?post=39179"}],"curies":[{"name":"wp","href":"https:\/\/api.w.org\/{rel}","templated":true}]}}