{"id":39167,"date":"2013-11-27T22:25:09","date_gmt":"2013-11-28T01:25:09","guid":{"rendered":"http:\/\/www.elsindical.com.ar\/notas\/?p=39167"},"modified":"2013-11-27T22:25:09","modified_gmt":"2013-11-28T01:25:09","slug":"el-indio-solari-reunio-a-los-redondos-menos-a-skay","status":"publish","type":"post","link":"https:\/\/www.elsindical.com.ar\/notas\/el-indio-solari-reunio-a-los-redondos-menos-a-skay\/","title":{"rendered":"El Indio Solari reuni\u00f3 a los Redondos, menos a Skay"},"content":{"rendered":"<p><a href=\"http:\/\/www.elsindical.com.ar\/notas\/var\/www\/html\/notas\/wp-content\/uploads\/2013\/11\/Indio-y-ex-redondos.jpg\"><img loading=\"lazy\" decoding=\"async\" class=\"alignnone size-medium wp-image-39168\" alt=\"Indio-y-ex-redondos\" src=\"http:\/\/www.elsindical.com.ar\/notas\/var\/www\/html\/notas\/wp-content\/uploads\/2013\/11\/Indio-y-ex-redondos-300x170.jpg\" width=\"300\" height=\"170\" srcset=\"https:\/\/www.elsindical.com.ar\/notas\/var\/www\/html\/notas\/wp-content\/uploads\/2013\/11\/Indio-y-ex-redondos-300x170.jpg 300w, https:\/\/www.elsindical.com.ar\/notas\/var\/www\/html\/notas\/wp-content\/uploads\/2013\/11\/Indio-y-ex-redondos-500x284.jpg 500w, https:\/\/www.elsindical.com.ar\/notas\/var\/www\/html\/notas\/wp-content\/uploads\/2013\/11\/Indio-y-ex-redondos.jpg 531w\" sizes=\"auto, (max-width: 300px) 100vw, 300px\" \/><\/a>El cantante invit\u00f3 a algunos de sus ex compa\u00f1eros de Patricio Rey y sus Redonditos de Ricota a grabar para su pr\u00f3ximo disco solista. \u00bfSer\u00e1 un primer acercamiento para la vuelta m\u00e1s esperada?<\/p>\n<p>El <b>Indio Solari<\/b> se reuni\u00f3 con <b>\u00abSemilla\u00bb Bucciarelli, Walter Sidotti y Sergio Dawi<\/b>, tres de sus ex compa\u00f1eros de <b>Patricio Rey y sus Redonditos de Ricota<\/b>, en una sesi\u00f3n de grabaci\u00f3n para el nuevo disco solista del primero.<\/p>\n<p>El encuentro se dio en el estudio <b>Luzbola<\/b>, propiedad del cantante, con el prop\u00f3sito de registrar uno de los temas que ser\u00e1n incluidos en la nueva placa.<\/p>\n<p>No obstante, <b>Solari <\/b>se encarg\u00f3 de desmentir que esta \u00abjuntada\u00bb sea una reuni\u00f3n de su antigua banda. <b>\u00abPor supuesto que no es una reuni\u00f3n de Los Redondos. M\u00e1s all\u00e1 de los motivos que nos separan, no puede haber Redonditos sin Skay\u00bb<\/b>, dijo luego de que trascendiera el encuentro.<\/p>\n<p>\u00bfSer\u00e1, sin embargo, una especie de pre\u00e1mbulo para el retorno de Patricio Rey, o nunca se reconciliar\u00e1 con el guitarrista?<\/p>\n","protected":false},"excerpt":{"rendered":"<p>El cantante invit\u00f3 a algunos de sus ex compa\u00f1eros de Patricio Rey y sus Redonditos de Ricota a grabar para su pr\u00f3ximo disco solista. \u00bfSer\u00e1 un primer acercamiento para la vuelta m\u00e1s esperada? El Indio Solari se reuni\u00f3 con \u00abSemilla\u00bb Bucciarelli, Walter Sidotti y Sergio Dawi, tres de sus ex compa\u00f1eros de Patricio Rey y&hellip;<\/p>\n","protected":false},"author":1,"featured_media":0,"comment_status":"open","ping_status":"open","sticky":false,"template":"","format":"standard","meta":{"footnotes":""},"categories":[15],"tags":[8086,17051,17515,17517,17518,17516],"class_list":["post-39167","post","type-post","status-publish","format-standard","hentry","category-espectaculos","tag-indio-solari","tag-patricio-rey-y-sus-redonditos-de-ricota","tag-semilla-bucciarelli","tag-sergio-dawi","tag-skay","tag-walter-sidotti"],"_links":{"self":[{"href":"https:\/\/www.elsindical.com.ar\/notas\/wp-json\/wp\/v2\/posts\/39167","targetHints":{"allow":["GET"]}}],"collection":[{"href":"https:\/\/www.elsindical.com.ar\/notas\/wp-json\/wp\/v2\/posts"}],"about":[{"href":"https:\/\/www.elsindical.com.ar\/notas\/wp-json\/wp\/v2\/types\/post"}],"author":[{"embeddable":true,"href":"https:\/\/www.elsindical.com.ar\/notas\/wp-json\/wp\/v2\/users\/1"}],"replies":[{"embeddable":true,"href":"https:\/\/www.elsindical.com.ar\/notas\/wp-json\/wp\/v2\/comments?post=39167"}],"version-history":[{"count":1,"href":"https:\/\/www.elsindical.com.ar\/notas\/wp-json\/wp\/v2\/posts\/39167\/revisions"}],"predecessor-version":[{"id":39169,"href":"https:\/\/www.elsindical.com.ar\/notas\/wp-json\/wp\/v2\/posts\/39167\/revisions\/39169"}],"wp:attachment":[{"href":"https:\/\/www.elsindical.com.ar\/notas\/wp-json\/wp\/v2\/media?parent=39167"}],"wp:term":[{"taxonomy":"category","embeddable":true,"href":"https:\/\/www.elsindical.com.ar\/notas\/wp-json\/wp\/v2\/categories?post=39167"},{"taxonomy":"post_tag","embeddable":true,"href":"https:\/\/www.elsindical.com.ar\/notas\/wp-json\/wp\/v2\/tags?post=39167"}],"curies":[{"name":"wp","href":"https:\/\/api.w.org\/{rel}","templated":true}]}}