{"id":39158,"date":"2013-11-27T17:10:52","date_gmt":"2013-11-27T20:10:52","guid":{"rendered":"http:\/\/www.elsindical.com.ar\/notas\/?p=39158"},"modified":"2013-11-27T17:10:52","modified_gmt":"2013-11-27T20:10:52","slug":"cordera-debe-indemnizar-a-cordero","status":"publish","type":"post","link":"https:\/\/www.elsindical.com.ar\/notas\/cordera-debe-indemnizar-a-cordero\/","title":{"rendered":"Cordera debe indemnizar a Cordero"},"content":{"rendered":"<p><em><a href=\"http:\/\/www.elsindical.com.ar\/notas\/var\/www\/html\/notas\/wp-content\/uploads\/2013\/11\/Cordera.jpg\"><img loading=\"lazy\" decoding=\"async\" class=\"alignnone size-medium wp-image-39159\" alt=\"Cordera\" src=\"http:\/\/www.elsindical.com.ar\/notas\/var\/www\/html\/notas\/wp-content\/uploads\/2013\/11\/Cordera-300x168.jpg\" width=\"300\" height=\"168\" srcset=\"https:\/\/www.elsindical.com.ar\/notas\/var\/www\/html\/notas\/wp-content\/uploads\/2013\/11\/Cordera-300x168.jpg 300w, https:\/\/www.elsindical.com.ar\/notas\/var\/www\/html\/notas\/wp-content\/uploads\/2013\/11\/Cordera-500x280.jpg 500w, https:\/\/www.elsindical.com.ar\/notas\/var\/www\/html\/notas\/wp-content\/uploads\/2013\/11\/Cordera.jpg 502w\" sizes=\"auto, (max-width: 300px) 100vw, 300px\" \/><\/a>En un recital que la popular banda Bersuit brind\u00f3 en 2003 en Mendoza, un joven termin\u00f3 en coma producto de una avalancha. La Justicia juzg\u00f3 negligencia en el club, la Municipalidad y el grupo musical por lo que entre las partes deber\u00e1n ponerse con casi 2 millones de pesos.<\/em><\/p>\n<div id=\"texto\">\n<p>La Justicia de Mendoza conden\u00f3 a la Bersuit Vergarabat, al club Pac\u00edfico y a la Municipalidad de la capital provincial a indemnizar en $1.8 millones a la familia de un joven que fue internado en coma tras ser aplastado por una avalancha durante un recital que brind\u00f3 el grupo en abril de 2003.<\/p>\n<p>Las tres partes fueron condenadas en forma solidaria en un fallo publicado el viernes pasado y que fue emitido por los jueces de la la Corte de Mendoza <b>Omar Palermo, Alejandro P\u00e9rez Hualde <\/b>y <b>Jorge Nanclares<\/b>.<\/p>\n<p>Seg\u00fan la informaci\u00f3n difundida, la indemnizaci\u00f3n para la familia del joven <b>Pablo Cordero<\/b>, que en el momento del hecho ten\u00eda 20 a\u00f1os, es de $1.282.000, aunque trepa a $1.800.000, al tener en cuenta la tasa de inter\u00e9s activo establecida por el Banco Naci\u00f3n.<\/p>\n<p>El hecho se produjo el 12 de abril de 2003 cuando el club Pac\u00edfico, considerado el templo cuyano del rock, fue escenario de un show de la banda que permanec\u00eda en pleno auge.<\/p>\n<p>Pablo Cordero, quien hab\u00eda viajado desde la ciudad de San Rafael para asistir al show fue aplastado por una avalancha que se produjo luego del recital. El joven sufri\u00f3 graves traumatismos y paro respiratorio, cuadro que determin\u00f3 que fuera internado en estado de coma.<\/p>\n<p>En un primer fallo, la Cuarta C\u00e1mara de apelaciones en lo Civil, hab\u00eda se\u00f1alado que la instalaci\u00f3n de vallados provoc\u00f3 un<i> \u00abverdadero cuello de botella\u00bb<\/i>.<\/p>\n<p>Adem\u00e1s, no se provey\u00f3 ambulancias ni servicio de emergencia m\u00e9dica, por lo que el joven Corder<i>o \u00abtuvo que ser llevado al hospital en un m\u00f3vil policial y no se le pudo practicar medicina de emergencia en el lugar por inexistencia del servicio<\/i>\u00ab, sostuvieron los camaristas.<\/p>\n<p>Tambi\u00e9n se consider\u00f3 que durante el recital <i>\u00abno se proveyeron medidas de aireaci\u00f3n ni ventilaci\u00f3n m\u00ednimas, no se proveyeron salidas adecuadas, no se proveyeron puertas batientes con apertura hacia el exterior; no se respetaron las medidas m\u00ednimas de las aberturas de egreso, falencias todas imputables al organizador del evento\u00bb<\/i>.<\/p>\n<\/div>\n","protected":false},"excerpt":{"rendered":"<p>En un recital que la popular banda Bersuit brind\u00f3 en 2003 en Mendoza, un joven termin\u00f3 en coma producto de una avalancha. La Justicia juzg\u00f3 negligencia en el club, la Municipalidad y el grupo musical por lo que entre las partes deber\u00e1n ponerse con casi 2 millones de pesos. La Justicia de Mendoza conden\u00f3 a&hellip;<\/p>\n","protected":false},"author":1,"featured_media":0,"comment_status":"open","ping_status":"open","sticky":false,"template":"","format":"standard","meta":{"footnotes":""},"categories":[20],"tags":[17510,1850,719],"class_list":["post-39158","post","type-post","status-publish","format-standard","hentry","category-judiciales","tag-bersuit","tag-indemnizacion","tag-recital"],"_links":{"self":[{"href":"https:\/\/www.elsindical.com.ar\/notas\/wp-json\/wp\/v2\/posts\/39158","targetHints":{"allow":["GET"]}}],"collection":[{"href":"https:\/\/www.elsindical.com.ar\/notas\/wp-json\/wp\/v2\/posts"}],"about":[{"href":"https:\/\/www.elsindical.com.ar\/notas\/wp-json\/wp\/v2\/types\/post"}],"author":[{"embeddable":true,"href":"https:\/\/www.elsindical.com.ar\/notas\/wp-json\/wp\/v2\/users\/1"}],"replies":[{"embeddable":true,"href":"https:\/\/www.elsindical.com.ar\/notas\/wp-json\/wp\/v2\/comments?post=39158"}],"version-history":[{"count":1,"href":"https:\/\/www.elsindical.com.ar\/notas\/wp-json\/wp\/v2\/posts\/39158\/revisions"}],"predecessor-version":[{"id":39160,"href":"https:\/\/www.elsindical.com.ar\/notas\/wp-json\/wp\/v2\/posts\/39158\/revisions\/39160"}],"wp:attachment":[{"href":"https:\/\/www.elsindical.com.ar\/notas\/wp-json\/wp\/v2\/media?parent=39158"}],"wp:term":[{"taxonomy":"category","embeddable":true,"href":"https:\/\/www.elsindical.com.ar\/notas\/wp-json\/wp\/v2\/categories?post=39158"},{"taxonomy":"post_tag","embeddable":true,"href":"https:\/\/www.elsindical.com.ar\/notas\/wp-json\/wp\/v2\/tags?post=39158"}],"curies":[{"name":"wp","href":"https:\/\/api.w.org\/{rel}","templated":true}]}}