{"id":39132,"date":"2013-11-26T22:19:02","date_gmt":"2013-11-27T01:19:02","guid":{"rendered":"http:\/\/www.elsindical.com.ar\/notas\/?p=39132"},"modified":"2013-11-26T22:19:02","modified_gmt":"2013-11-27T01:19:02","slug":"fallo-laboral-ordena-indemnizar-a-secretaria-por-mover-cajas","status":"publish","type":"post","link":"https:\/\/www.elsindical.com.ar\/notas\/fallo-laboral-ordena-indemnizar-a-secretaria-por-mover-cajas\/","title":{"rendered":"Fallo laboral ordena indemnizar a secretaria por mover cajas"},"content":{"rendered":"<p><em><a href=\"http:\/\/www.elsindical.com.ar\/notas\/var\/www\/html\/notas\/wp-content\/uploads\/2013\/11\/mujer-cargando-cajas.jpg\"><img loading=\"lazy\" decoding=\"async\" class=\"alignnone size-medium wp-image-39133\" alt=\"mujer-cargando-cajas\" src=\"http:\/\/www.elsindical.com.ar\/notas\/var\/www\/html\/notas\/wp-content\/uploads\/2013\/11\/mujer-cargando-cajas-216x300.jpg\" width=\"216\" height=\"300\" srcset=\"https:\/\/www.elsindical.com.ar\/notas\/var\/www\/html\/notas\/wp-content\/uploads\/2013\/11\/mujer-cargando-cajas-216x300.jpg 216w, https:\/\/www.elsindical.com.ar\/notas\/var\/www\/html\/notas\/wp-content\/uploads\/2013\/11\/mujer-cargando-cajas.jpg 325w\" sizes=\"auto, (max-width: 216px) 100vw, 216px\" \/><\/a>Deber\u00e1n pagarle 400.000 pesos por orden judicial ya que por mover objetos pesados, la mujer sufri\u00f3 problemas en su columna.<\/em><\/p>\n<p>Una secretaria ejecutiva en edad de jubilarse de su puesto ser\u00e1 indemnizada con <b>400.000 pesos<\/b> por orden de la Justicia laboral debido a que por mover cajas, carpetas y computadoras pesadas durante su trabajo sufri\u00f3 problemas en la columna vertebral.<\/p>\n<p>El fallo, que es in\u00e9dito seg\u00fan fuentes judiciales, fue adoptado por la <b>sala VIII de la C\u00e1mara Nacional de Apelaciones del Trabajo<\/b>, que conden\u00f3 a una empresa petrolera y a su Aseguradora de Riesgos de Trabajo (ART), seg\u00fan public\u00f3 el portal judicial Eldial.com.<\/p>\n<p>La demanda se inici\u00f3 en 2009 cuando una mujer de 62 a\u00f1os que era asistente de gerencia denunci\u00f3 ante la Justicia que <b>padec\u00eda tendinitis en el manguito rotador del hombro derecho<\/b> y la parte superior del brazo, lo que le afectaba la movilidad del hombro y el cuello.<\/p>\n<p>La secretaria solicit\u00f3 una indemnizaci\u00f3n pero en primera instancia el reclamo fue rechazado por lo que apel\u00f3 ante la C\u00e1mara, que tras revisar el caso <b>decidi\u00f3 indemnizarla por da\u00f1o material y moral<\/b>.<\/p>\n<p>Los camaristas <b>Luis Alberto Catardo y V\u00edctor Pesino<\/b> tuvieron en cuenta un informe m\u00e9dico obrante en la causa que aseguraba que la secretaria ten\u00eda una incapacidad ps\u00edquica y laboral de 38 por ciento.<\/p>\n<p>El informe tambi\u00e9n remarc\u00f3 <b>el \u00abcuadro depresivo\u00bb<\/b> que presentaba la mujer tras sufrir esta afecci\u00f3n, \u00aben funci\u00f3n del truncamiento del proyecto de vida profesional, para el que <b>se hab\u00eda preparado desde temprana edad<\/b> y el necesario acomodamiento que debe realizar para asumir las restantes actividades propias del cotidiano, como peinarse, ponerse una camisa o dormir sobre el hombro derecho o con el brazo sobre la cabeza\u00bb.<\/p>\n<p>Para los jueces, \u00abest\u00e1 probada la influencia que las cosas con las cuales trabajaba &#8211;<b>carpetas, archivos, cajas, computadora<\/b>, etc.-, tuvieron sobre la posici\u00f3n que deb\u00eda adoptar con la mano derecha y columna, para desplazarlas, y realizar la tarea y su vinculaci\u00f3n con el esfuerzo realizado, probadamente nocivo para su salud\u00bb.<\/p>\n<p>En el fallo se aclar\u00f3 que si bien esos objetos <b>no eran \u00abriesgosos\u00bb <\/b>incidieron en la lesi\u00f3n por su manipulaci\u00f3n y desplazamiento durante jornadas extensas. Adem\u00e1s, resaltaron la estatura y peso de la mujer (1,60 metro y entre 50 y 55 kilos).<\/p>\n<p>\u00abA pesar de estar a la vista de cualquier individuo el peso desproporcionado que levantaba la actora, <b>no se la sustrajo oportunamente de las tareas que probadamente resultaron perjudiciales<\/b> para su salud\u00bb, entendieron los jueces y ordenaron que la indemnicen.<\/p>\n","protected":false},"excerpt":{"rendered":"<p>Deber\u00e1n pagarle 400.000 pesos por orden judicial ya que por mover objetos pesados, la mujer sufri\u00f3 problemas en su columna. Una secretaria ejecutiva en edad de jubilarse de su puesto ser\u00e1 indemnizada con 400.000 pesos por orden de la Justicia laboral debido a que por mover cajas, carpetas y computadoras pesadas durante su trabajo sufri\u00f3&hellip;<\/p>\n","protected":false},"author":1,"featured_media":0,"comment_status":"open","ping_status":"open","sticky":false,"template":"","format":"standard","meta":{"footnotes":""},"categories":[20],"tags":[4772,272,439,1850,1777,5978],"class_list":["post-39132","post","type-post","status-publish","format-standard","hentry","category-judiciales","tag-cajas","tag-discapacidad","tag-empresa","tag-indemnizacion","tag-jubilacion","tag-secretaria"],"_links":{"self":[{"href":"https:\/\/www.elsindical.com.ar\/notas\/wp-json\/wp\/v2\/posts\/39132","targetHints":{"allow":["GET"]}}],"collection":[{"href":"https:\/\/www.elsindical.com.ar\/notas\/wp-json\/wp\/v2\/posts"}],"about":[{"href":"https:\/\/www.elsindical.com.ar\/notas\/wp-json\/wp\/v2\/types\/post"}],"author":[{"embeddable":true,"href":"https:\/\/www.elsindical.com.ar\/notas\/wp-json\/wp\/v2\/users\/1"}],"replies":[{"embeddable":true,"href":"https:\/\/www.elsindical.com.ar\/notas\/wp-json\/wp\/v2\/comments?post=39132"}],"version-history":[{"count":1,"href":"https:\/\/www.elsindical.com.ar\/notas\/wp-json\/wp\/v2\/posts\/39132\/revisions"}],"predecessor-version":[{"id":39134,"href":"https:\/\/www.elsindical.com.ar\/notas\/wp-json\/wp\/v2\/posts\/39132\/revisions\/39134"}],"wp:attachment":[{"href":"https:\/\/www.elsindical.com.ar\/notas\/wp-json\/wp\/v2\/media?parent=39132"}],"wp:term":[{"taxonomy":"category","embeddable":true,"href":"https:\/\/www.elsindical.com.ar\/notas\/wp-json\/wp\/v2\/categories?post=39132"},{"taxonomy":"post_tag","embeddable":true,"href":"https:\/\/www.elsindical.com.ar\/notas\/wp-json\/wp\/v2\/tags?post=39132"}],"curies":[{"name":"wp","href":"https:\/\/api.w.org\/{rel}","templated":true}]}}