{"id":39053,"date":"2013-11-22T20:42:50","date_gmt":"2013-11-22T23:42:50","guid":{"rendered":"http:\/\/www.elsindical.com.ar\/notas\/?p=39053"},"modified":"2013-11-22T20:42:50","modified_gmt":"2013-11-22T23:42:50","slug":"la-plataun-viejo-amigo-de-maradona-detenido-por-drogas","status":"publish","type":"post","link":"https:\/\/www.elsindical.com.ar\/notas\/la-plataun-viejo-amigo-de-maradona-detenido-por-drogas\/","title":{"rendered":"La Plata:Un viejo amigo de Maradona, detenido por drogas"},"content":{"rendered":"<p><em><a href=\"http:\/\/www.elsindical.com.ar\/notas\/var\/www\/html\/notas\/wp-content\/uploads\/2013\/11\/Carlos-Alberto-Ferro-Viera.jpg\"><img loading=\"lazy\" decoding=\"async\" class=\"alignnone size-medium wp-image-39054\" alt=\"Carlos-Alberto-Ferro-Viera\" src=\"http:\/\/www.elsindical.com.ar\/notas\/var\/www\/html\/notas\/wp-content\/uploads\/2013\/11\/Carlos-Alberto-Ferro-Viera-300x170.jpg\" width=\"300\" height=\"170\" srcset=\"https:\/\/www.elsindical.com.ar\/notas\/var\/www\/html\/notas\/wp-content\/uploads\/2013\/11\/Carlos-Alberto-Ferro-Viera-300x170.jpg 300w, https:\/\/www.elsindical.com.ar\/notas\/var\/www\/html\/notas\/wp-content\/uploads\/2013\/11\/Carlos-Alberto-Ferro-Viera-500x283.jpg 500w, https:\/\/www.elsindical.com.ar\/notas\/var\/www\/html\/notas\/wp-content\/uploads\/2013\/11\/Carlos-Alberto-Ferro-Viera.jpg 502w\" sizes=\"auto, (max-width: 300px) 100vw, 300px\" \/><\/a>Se trata del empresario Carlos Alberto Ferro Viera, muchas veces acusado de \u00abmeter\u00bb a Diego en el consumo de coca\u00edna. Ten\u00eda una considerable cantidad de estupefacientes en su departamento de La Plata.<\/em><\/p>\n<p>El empresario <b>Carlos Alberto Ferro Viera<\/b> fue detenido luego de que la Polic\u00eda, a pedido de dos fiscales, allanara su departamento de La Plata, en el que hab\u00eda unos <b>13 gramos de coca\u00edna, envoltorios con marihuana, dinero, \u00a0una balanza y elementos de corte<\/b>.<\/p>\n<p>El procedimiento se realiz\u00f3 en avenida 13 entre 37 y 38 y el delincuente fue alojado en una delegaci\u00f3n platense de la Polic\u00eda Federal Argentina.\u00a0Adem\u00e1s se incaut\u00f3 una libreta de apuntes de Ferro Viera con anotaciones de nombres, tel\u00e9fonos y direcciones de posibles clientes.<br \/>\nEl detenido, <b>un hombre muy cercano a Diego Maradona en los 90<\/b>, tambi\u00e9n ten\u00eda un pedido de captura vigente dictado por el juzgado Nacional en lo Criminal y Correccional 3 de la Ciudad Aut\u00f3noma de Buenos Aires.<\/p>\n<p>\u00abFerrito\u00bb \u2013as\u00ed lo llamaban- <b>estuvo preso en 1996 <\/b><b>por un presunto tr\u00e1fico de drogas<\/b> y conoci\u00f3 al \u00ab10\u00bb por intermedio de Guillermo C\u00f3ppola. Alguna vez se jact\u00f3 de presentarle a Diego \u00absu novia en Cuba.<\/p>\n<p>De hecho, el empresario muchas veces fue <i>acusado<\/i> de \u00abmeter\u00bb en la droga a Maradona. <b>\u00abEn la casa de Uruguay no s\u00f3lo hab\u00edan drogas. Diego estuvo con bastantes excesos\u00bb<\/b>, manifest\u00f3 en una entrevista, y cont\u00f3 que m\u00e1s de una vez ayud\u00f3 al ex futbolista a evadir un control antid\u00f3ping.<\/p>\n<p>La investigaci\u00f3n comenz\u00f3 en 2013 y est\u00e1 a cargo del Fiscal Marcelo Martini y del titular de la ayudant\u00eda fiscal de estupefacientes de La Plata, N\u00e9stor Hugo Tes\u00f3n, con conocimiento del Juez de Garant\u00edas, C\u00e9sar Melazo.<\/p>\n","protected":false},"excerpt":{"rendered":"<p>Se trata del empresario Carlos Alberto Ferro Viera, muchas veces acusado de \u00abmeter\u00bb a Diego en el consumo de coca\u00edna. Ten\u00eda una considerable cantidad de estupefacientes en su departamento de La Plata. El empresario Carlos Alberto Ferro Viera fue detenido luego de que la Polic\u00eda, a pedido de dos fiscales, allanara su departamento de La&hellip;<\/p>\n","protected":false},"author":1,"featured_media":0,"comment_status":"open","ping_status":"open","sticky":false,"template":"","format":"standard","meta":{"footnotes":""},"categories":[22],"tags":[17470,43,91,382,239,502],"class_list":["post-39053","post","type-post","status-publish","format-standard","hentry","category-policiales","tag-carlos-alberto-ferro-viera","tag-cocaina","tag-detenido","tag-drogas","tag-la-plata","tag-policia-federal-argentina"],"_links":{"self":[{"href":"https:\/\/www.elsindical.com.ar\/notas\/wp-json\/wp\/v2\/posts\/39053","targetHints":{"allow":["GET"]}}],"collection":[{"href":"https:\/\/www.elsindical.com.ar\/notas\/wp-json\/wp\/v2\/posts"}],"about":[{"href":"https:\/\/www.elsindical.com.ar\/notas\/wp-json\/wp\/v2\/types\/post"}],"author":[{"embeddable":true,"href":"https:\/\/www.elsindical.com.ar\/notas\/wp-json\/wp\/v2\/users\/1"}],"replies":[{"embeddable":true,"href":"https:\/\/www.elsindical.com.ar\/notas\/wp-json\/wp\/v2\/comments?post=39053"}],"version-history":[{"count":1,"href":"https:\/\/www.elsindical.com.ar\/notas\/wp-json\/wp\/v2\/posts\/39053\/revisions"}],"predecessor-version":[{"id":39055,"href":"https:\/\/www.elsindical.com.ar\/notas\/wp-json\/wp\/v2\/posts\/39053\/revisions\/39055"}],"wp:attachment":[{"href":"https:\/\/www.elsindical.com.ar\/notas\/wp-json\/wp\/v2\/media?parent=39053"}],"wp:term":[{"taxonomy":"category","embeddable":true,"href":"https:\/\/www.elsindical.com.ar\/notas\/wp-json\/wp\/v2\/categories?post=39053"},{"taxonomy":"post_tag","embeddable":true,"href":"https:\/\/www.elsindical.com.ar\/notas\/wp-json\/wp\/v2\/tags?post=39053"}],"curies":[{"name":"wp","href":"https:\/\/api.w.org\/{rel}","templated":true}]}}