{"id":39036,"date":"2013-11-22T15:12:46","date_gmt":"2013-11-22T18:12:46","guid":{"rendered":"http:\/\/www.elsindical.com.ar\/notas\/?p=39036"},"modified":"2013-11-22T15:12:46","modified_gmt":"2013-11-22T18:12:46","slug":"avellanedasigue-adelante-el-arde-rock-ii-y-ya-tiene-sus-primeros-ganadores","status":"publish","type":"post","link":"https:\/\/www.elsindical.com.ar\/notas\/avellanedasigue-adelante-el-arde-rock-ii-y-ya-tiene-sus-primeros-ganadores\/","title":{"rendered":"Avellaneda:Sigue adelante el Arde Rock II y ya tiene sus primeros ganadores"},"content":{"rendered":"<p><a href=\"http:\/\/www.elsindical.com.ar\/notas\/var\/www\/html\/notas\/wp-content\/uploads\/2013\/11\/ArdeRock-2.jpg\"><img loading=\"lazy\" decoding=\"async\" class=\"alignnone size-medium wp-image-39038\" alt=\"ArdeRock-2\" src=\"http:\/\/www.elsindical.com.ar\/notas\/var\/www\/html\/notas\/wp-content\/uploads\/2013\/11\/ArdeRock-2-300x198.jpg\" width=\"300\" height=\"198\" srcset=\"https:\/\/www.elsindical.com.ar\/notas\/var\/www\/html\/notas\/wp-content\/uploads\/2013\/11\/ArdeRock-2-300x198.jpg 300w, https:\/\/www.elsindical.com.ar\/notas\/var\/www\/html\/notas\/wp-content\/uploads\/2013\/11\/ArdeRock-2-452x300.jpg 452w, https:\/\/www.elsindical.com.ar\/notas\/var\/www\/html\/notas\/wp-content\/uploads\/2013\/11\/ArdeRock-2.jpg 531w\" sizes=\"auto, (max-width: 300px) 100vw, 300px\" \/><\/a>Esas bandas se sumar\u00e1n a las del a\u00f1o anterior y ser\u00e1n parte del pr\u00f3ximo copilado de grupos locales.<\/p>\n<p>Contin\u00faa el Arde Rock II, y en esta edici\u00f3n, el concurso de bandas locales se desarrolla en distintos puntos de la ciudad, en donde los vecinos y artistas disfrutan de shows con entrada libre y gratuita.<\/p>\n<p>En esta oportunidad\u00a0el certamen abarca siete subg\u00e9neros: rock and roll, heavy metal, reggae, hardcore, hardrock, punk y m\u00fasica experimental.<\/p>\n<p>Vale destacar que ya est\u00e1n los primeros ganadores de cada subg\u00e9nero, las bandas Fac\u00f3n, (Heavy Metal); Salva (Punk) y Vieja Ca\u00f1a (Reggae) que tocaron el 8, 9 y 10 de noviembre y se suman a los ganadores del a\u00f1o anterior para ser parte del segundo copilado de bandas locales editado por el municipio.<\/p>\n<p>Este concurso busca incentivar la cultura y promover los artistas locales a trav\u00e9s de la participaci\u00f3n y la solidaridad entre pares.<\/p>\n<p>Este fin de semana, los d\u00edas viernes 22 y s\u00e1bado 23 a partir de las 18 hs. el p\u00fablico podr\u00e1 acercarse al Auditorio Rodr\u00edguez Faur\u00e9, Av. Hip\u00f3lito Yrigoyen 381, a metros de la estaci\u00f3n de Avellaneda, y el domingo 24 desde las 14 hs. Arde Rock se llevar\u00e1 a cabo en el anfiteatro \u201cHugo del Carril\u201d ubicado en el parque Dom\u00ednico, Av. Mitre al 5000.<\/p>\n","protected":false},"excerpt":{"rendered":"<p>Esas bandas se sumar\u00e1n a las del a\u00f1o anterior y ser\u00e1n parte del pr\u00f3ximo copilado de grupos locales. Contin\u00faa el Arde Rock II, y en esta edici\u00f3n, el concurso de bandas locales se desarrolla en distintos puntos de la ciudad, en donde los vecinos y artistas disfrutan de shows con entrada libre y gratuita. En&hellip;<\/p>\n","protected":false},"author":1,"featured_media":0,"comment_status":"open","ping_status":"open","sticky":false,"template":"","format":"standard","meta":{"footnotes":""},"categories":[15],"tags":[17256,461,1599],"class_list":["post-39036","post","type-post","status-publish","format-standard","hentry","category-espectaculos","tag-arde-rock","tag-avellaneda","tag-bandas"],"_links":{"self":[{"href":"https:\/\/www.elsindical.com.ar\/notas\/wp-json\/wp\/v2\/posts\/39036","targetHints":{"allow":["GET"]}}],"collection":[{"href":"https:\/\/www.elsindical.com.ar\/notas\/wp-json\/wp\/v2\/posts"}],"about":[{"href":"https:\/\/www.elsindical.com.ar\/notas\/wp-json\/wp\/v2\/types\/post"}],"author":[{"embeddable":true,"href":"https:\/\/www.elsindical.com.ar\/notas\/wp-json\/wp\/v2\/users\/1"}],"replies":[{"embeddable":true,"href":"https:\/\/www.elsindical.com.ar\/notas\/wp-json\/wp\/v2\/comments?post=39036"}],"version-history":[{"count":2,"href":"https:\/\/www.elsindical.com.ar\/notas\/wp-json\/wp\/v2\/posts\/39036\/revisions"}],"predecessor-version":[{"id":39039,"href":"https:\/\/www.elsindical.com.ar\/notas\/wp-json\/wp\/v2\/posts\/39036\/revisions\/39039"}],"wp:attachment":[{"href":"https:\/\/www.elsindical.com.ar\/notas\/wp-json\/wp\/v2\/media?parent=39036"}],"wp:term":[{"taxonomy":"category","embeddable":true,"href":"https:\/\/www.elsindical.com.ar\/notas\/wp-json\/wp\/v2\/categories?post=39036"},{"taxonomy":"post_tag","embeddable":true,"href":"https:\/\/www.elsindical.com.ar\/notas\/wp-json\/wp\/v2\/tags?post=39036"}],"curies":[{"name":"wp","href":"https:\/\/api.w.org\/{rel}","templated":true}]}}