{"id":39013,"date":"2013-11-21T12:22:49","date_gmt":"2013-11-21T15:22:49","guid":{"rendered":"http:\/\/www.elsindical.com.ar\/notas\/?p=39013"},"modified":"2013-11-21T12:22:49","modified_gmt":"2013-11-21T15:22:49","slug":"rusialiberaron-a-camila-speziale-en-san-petersburgo","status":"publish","type":"post","link":"https:\/\/www.elsindical.com.ar\/notas\/rusialiberaron-a-camila-speziale-en-san-petersburgo\/","title":{"rendered":"Rusia:Liberaron a Camila Speziale en San Petersburgo"},"content":{"rendered":"<p><em><a href=\"http:\/\/www.elsindical.com.ar\/notas\/var\/www\/html\/notas\/wp-content\/uploads\/2013\/09\/Camila-Speziale.jpg\"><img loading=\"lazy\" decoding=\"async\" class=\"alignnone size-medium wp-image-37680\" alt=\"Camila-Speziale\" src=\"http:\/\/www.elsindical.com.ar\/notas\/var\/www\/html\/notas\/wp-content\/uploads\/2013\/09\/Camila-Speziale-300x206.jpg\" width=\"300\" height=\"206\" srcset=\"https:\/\/www.elsindical.com.ar\/notas\/var\/www\/html\/notas\/wp-content\/uploads\/2013\/09\/Camila-Speziale-300x206.jpg 300w, https:\/\/www.elsindical.com.ar\/notas\/var\/www\/html\/notas\/wp-content\/uploads\/2013\/09\/Camila-Speziale-436x300.jpg 436w, https:\/\/www.elsindical.com.ar\/notas\/var\/www\/html\/notas\/wp-content\/uploads\/2013\/09\/Camila-Speziale.jpg 502w\" sizes=\"auto, (max-width: 300px) 100vw, 300px\" \/><\/a>La activista de Greenpeace se encontraba detenida tras participar en una protesta contra la explotaci\u00f3n petrolera en el \u00c1rtico.<\/em><\/p>\n<p>La activista argentina de Greenpeace Camila Speziale, que se encontraba detenida tras participar en una protesta contra la explotaci\u00f3n petrolera en el \u00c1rtico, fue liberada hoy en San Petersburgo, inform\u00f3 Greenpeace Argentina v\u00eda Twitter.<\/p>\n<p>Se aguarda ahora la liberaci\u00f3n del otro argentino Hern\u00e1n P\u00e9rez Orsi, tambi\u00e9n detenido el pasado 19 de septiembre por la Guardia Costera rusa.<\/p>\n","protected":false},"excerpt":{"rendered":"<p>La activista de Greenpeace se encontraba detenida tras participar en una protesta contra la explotaci\u00f3n petrolera en el \u00c1rtico. La activista argentina de Greenpeace Camila Speziale, que se encontraba detenida tras participar en una protesta contra la explotaci\u00f3n petrolera en el \u00c1rtico, fue liberada hoy en San Petersburgo, inform\u00f3 Greenpeace Argentina v\u00eda Twitter. Se aguarda&hellip;<\/p>\n","protected":false},"author":1,"featured_media":0,"comment_status":"open","ping_status":"open","sticky":false,"template":"","format":"standard","meta":{"footnotes":""},"categories":[18],"tags":[17068,17456,2650],"class_list":["post-39013","post","type-post","status-publish","format-standard","hentry","category-internacionales","tag-camila-speziale","tag-greempeace","tag-rusia"],"_links":{"self":[{"href":"https:\/\/www.elsindical.com.ar\/notas\/wp-json\/wp\/v2\/posts\/39013","targetHints":{"allow":["GET"]}}],"collection":[{"href":"https:\/\/www.elsindical.com.ar\/notas\/wp-json\/wp\/v2\/posts"}],"about":[{"href":"https:\/\/www.elsindical.com.ar\/notas\/wp-json\/wp\/v2\/types\/post"}],"author":[{"embeddable":true,"href":"https:\/\/www.elsindical.com.ar\/notas\/wp-json\/wp\/v2\/users\/1"}],"replies":[{"embeddable":true,"href":"https:\/\/www.elsindical.com.ar\/notas\/wp-json\/wp\/v2\/comments?post=39013"}],"version-history":[{"count":1,"href":"https:\/\/www.elsindical.com.ar\/notas\/wp-json\/wp\/v2\/posts\/39013\/revisions"}],"predecessor-version":[{"id":39014,"href":"https:\/\/www.elsindical.com.ar\/notas\/wp-json\/wp\/v2\/posts\/39013\/revisions\/39014"}],"wp:attachment":[{"href":"https:\/\/www.elsindical.com.ar\/notas\/wp-json\/wp\/v2\/media?parent=39013"}],"wp:term":[{"taxonomy":"category","embeddable":true,"href":"https:\/\/www.elsindical.com.ar\/notas\/wp-json\/wp\/v2\/categories?post=39013"},{"taxonomy":"post_tag","embeddable":true,"href":"https:\/\/www.elsindical.com.ar\/notas\/wp-json\/wp\/v2\/tags?post=39013"}],"curies":[{"name":"wp","href":"https:\/\/api.w.org\/{rel}","templated":true}]}}