{"id":38993,"date":"2013-11-21T02:18:45","date_gmt":"2013-11-21T05:18:45","guid":{"rendered":"http:\/\/www.elsindical.com.ar\/notas\/?p=38993"},"modified":"2013-11-21T02:18:45","modified_gmt":"2013-11-21T05:18:45","slug":"doloresluego-de-10-anos-detienen-a-violador-y-asesinado-de-una-anciana","status":"publish","type":"post","link":"https:\/\/www.elsindical.com.ar\/notas\/doloresluego-de-10-anos-detienen-a-violador-y-asesinado-de-una-anciana\/","title":{"rendered":"Dolores:Luego de 10 a\u00f1os detienen a violador y asesinado de una anciana"},"content":{"rendered":"<p><a href=\"http:\/\/www.elsindical.com.ar\/notas\/var\/www\/html\/notas\/wp-content\/uploads\/2013\/11\/detenido-asesinato-y-violaci\u00f3n-anciana.jpg\"><img loading=\"lazy\" decoding=\"async\" class=\"alignnone size-medium wp-image-38995\" alt=\"detenido-asesinato-y-violaci\u00f3n-anciana\" src=\"http:\/\/www.elsindical.com.ar\/notas\/var\/www\/html\/notas\/wp-content\/uploads\/2013\/11\/detenido-asesinato-y-violaci\u00f3n-anciana-300x193.jpg\" width=\"300\" height=\"193\" srcset=\"https:\/\/www.elsindical.com.ar\/notas\/var\/www\/html\/notas\/wp-content\/uploads\/2013\/11\/detenido-asesinato-y-violaci\u00f3n-anciana-300x193.jpg 300w, https:\/\/www.elsindical.com.ar\/notas\/var\/www\/html\/notas\/wp-content\/uploads\/2013\/11\/detenido-asesinato-y-violaci\u00f3n-anciana-464x300.jpg 464w, https:\/\/www.elsindical.com.ar\/notas\/var\/www\/html\/notas\/wp-content\/uploads\/2013\/11\/detenido-asesinato-y-violaci\u00f3n-anciana.jpg 531w\" sizes=\"auto, (max-width: 300px) 100vw, 300px\" \/><\/a>Tras pacientes investigaciones de casi una d\u00e9cada, las autoridades policiales detuvieron a un mec\u00e1nico que, en 2005, vi\u00f3l\u00f3 y degoll\u00f3 salvajemente a una indefensa anciana de 83 a\u00f1os.<\/p>\n<p>Luego de casi una decada de extensas investigaciones, las autoridades policiales detuvieron a un mec\u00e1nico que, en 2005, vi\u00f3l\u00f3 y degoll\u00f3 salvajemente a una indefensa anciana de 83 a\u00f1os, a quien agredi\u00f3 en la vivienda de la v\u00edctima, en la localidad bonaerense de Sevign\u00e9, en el partido de Dolores.<\/p>\n<p>Los voceros revelaron\u00a0que el forajido est\u00e1 acusado de ser responsable de la muerte de<b> Aurora Clotilde Guevara.<\/b><\/p>\n<p>El brutal sujeto, de 25 a\u00f1os, fue apresado por los efectivos de la Direcci\u00f3n Departamental de Investigaciones de Dolores, mientras participaba de un partido de F\u00fatbol Cinco, en una canchita de esa zona. El marginal ten\u00eda 17 a\u00f1os cuando viol\u00f3 y mat\u00f3 a la octogenaria.<\/p>\n<p>Guevara, de 83 a\u00f1os, perdi\u00f3 la vida en las \u00faltimas horas de la tarde del 23 de diciembre de 2005 y su cad\u00e1ver reci\u00e9n fue localizado en la ma\u00f1ana del d\u00eda siguiente, en la puerta de su finca, situada en el cruce de 17 de Agosto y Rivadavia.<\/p>\n<p>Posteriormente, las diferentes pericias establecieron que hab\u00eda restos de semen en el cuerpo de la v\u00edctima.<\/p>\n<p>Luego de una gran cantidad de dilaciones judiciales, los investigadores lograron llevar a cabo un estudio comparativo del ADN del sospechoso, con una muestra que se obtuvo de la cavidad bucal de la se\u00f1ora, lo cual finalmente permiti\u00f3 determinar su responsabilidad en el crimen.<\/p>\n<p>Al respecto, los pesquisas creen que el adolescente ingres\u00f3 a la casa de la mujer, a quien redujo a golpes en la cabeza para de esta forma abusar sexualmente de ella. Despu\u00e9s, el atacante quiso estrangular a Guevara, quien trat\u00f3 de fugar. Ante esa situaci\u00f3n, el delincuente se apoder\u00f3 de un cuchillo y la degoll\u00f3, aplic\u00e1ndole un corte en el lateral izquierdo del cuello.<\/p>\n","protected":false},"excerpt":{"rendered":"<p>Tras pacientes investigaciones de casi una d\u00e9cada, las autoridades policiales detuvieron a un mec\u00e1nico que, en 2005, vi\u00f3l\u00f3 y degoll\u00f3 salvajemente a una indefensa anciana de 83 a\u00f1os. Luego de casi una decada de extensas investigaciones, las autoridades policiales detuvieron a un mec\u00e1nico que, en 2005, vi\u00f3l\u00f3 y degoll\u00f3 salvajemente a una indefensa anciana de&hellip;<\/p>\n","protected":false},"author":1,"featured_media":0,"comment_status":"open","ping_status":"open","sticky":false,"template":"","format":"standard","meta":{"footnotes":""},"categories":[22],"tags":[],"class_list":["post-38993","post","type-post","status-publish","format-standard","hentry","category-policiales"],"_links":{"self":[{"href":"https:\/\/www.elsindical.com.ar\/notas\/wp-json\/wp\/v2\/posts\/38993","targetHints":{"allow":["GET"]}}],"collection":[{"href":"https:\/\/www.elsindical.com.ar\/notas\/wp-json\/wp\/v2\/posts"}],"about":[{"href":"https:\/\/www.elsindical.com.ar\/notas\/wp-json\/wp\/v2\/types\/post"}],"author":[{"embeddable":true,"href":"https:\/\/www.elsindical.com.ar\/notas\/wp-json\/wp\/v2\/users\/1"}],"replies":[{"embeddable":true,"href":"https:\/\/www.elsindical.com.ar\/notas\/wp-json\/wp\/v2\/comments?post=38993"}],"version-history":[{"count":1,"href":"https:\/\/www.elsindical.com.ar\/notas\/wp-json\/wp\/v2\/posts\/38993\/revisions"}],"predecessor-version":[{"id":38996,"href":"https:\/\/www.elsindical.com.ar\/notas\/wp-json\/wp\/v2\/posts\/38993\/revisions\/38996"}],"wp:attachment":[{"href":"https:\/\/www.elsindical.com.ar\/notas\/wp-json\/wp\/v2\/media?parent=38993"}],"wp:term":[{"taxonomy":"category","embeddable":true,"href":"https:\/\/www.elsindical.com.ar\/notas\/wp-json\/wp\/v2\/categories?post=38993"},{"taxonomy":"post_tag","embeddable":true,"href":"https:\/\/www.elsindical.com.ar\/notas\/wp-json\/wp\/v2\/tags?post=38993"}],"curies":[{"name":"wp","href":"https:\/\/api.w.org\/{rel}","templated":true}]}}