{"id":3898,"date":"2010-02-23T14:03:13","date_gmt":"2010-02-23T17:03:13","guid":{"rendered":"http:\/\/www.elsindical.com.ar\/notas\/?p=3898"},"modified":"2010-02-23T14:03:13","modified_gmt":"2010-02-23T17:03:13","slug":"el-padre-de-wanda-admitio-que-habia-violencia-entre-su-hija-y-vazquez-la-familia-se-presentara-como-querellante","status":"publish","type":"post","link":"https:\/\/www.elsindical.com.ar\/notas\/el-padre-de-wanda-admitio-que-habia-violencia-entre-su-hija-y-vazquez-la-familia-se-presentara-como-querellante\/","title":{"rendered":"El padre de Wanda admiti\u00f3 que hab\u00eda violencia entre su hija y V\u00e1zquez, la familia se presentar\u00e1 como querellante"},"content":{"rendered":"<p style=\"text-align: justify;\"><em><a href=\"http:\/\/www.elsindical.com.ar\/notas\/var\/www\/html\/notas\/wp-content\/uploads\/2010\/02\/entierro-Wanda-Taddei.jpg\"><img loading=\"lazy\" decoding=\"async\" class=\"alignleft size-full wp-image-3899\" title=\"entierro-Wanda-Taddei\" src=\"http:\/\/www.elsindical.com.ar\/notas\/var\/www\/html\/notas\/wp-content\/uploads\/2010\/02\/entierro-Wanda-Taddei.jpg\" alt=\"\" width=\"227\" height=\"170\" \/><\/a>El padre de Wanda Taddei confirm\u00f3 que \u201cbuscar\u00e1 elementos\u201d para presentarse como querellante en la causa contra su yerno Eduardo V\u00e1zquez por la muerte de su hija. El hombre admiti\u00f3 que durante el tiempo que dur\u00f3 la pareja \u201cuna discusi\u00f3n terminaban en agarrarse a pi\u00f1as\u00bb. Adem\u00e1s, calific\u00f3 lo sucedido con su hija como \u201cuna muerte anunciada\u201d.<\/em><\/p>\n<p style=\"text-align: justify;\">El padre de Wanda Taddei, la esposa del baterista de Callejeros que muri\u00f3 a ra\u00edz de las quemaduras que sufri\u00f3 tras una discusi\u00f3n con su esposo, asegur\u00f3 que su hija y su yerno \u201cse agarraban a trompadas\u201d.<\/p>\n<p>Jorge Taddei sostuvo que Wanda y Eduardo \u00abse agarraban a trompadas\u00bb peri\u00f3dicamente, pero ella \u00abestaba tan ciega que siempre lo defend\u00eda\u00bb.<\/p>\n<p>Es por ello que confirm\u00f3 que \u00abbuscar\u00e1 elementos\u00bb para definir si se presenta como querellante contra el m\u00fasico ya que manifest\u00f3 que \u00abtiene dudas\u00bb de lo que pas\u00f3.<\/p>\n<p>Adem\u00e1s, el hombre reconoci\u00f3 que durante el tiempo que dur\u00f3 la pareja \u00abuna discusi\u00f3n terminaban en agarrarse a pi\u00f1as\u00bb.<\/p>\n<p>En tal sentido, remarc\u00f3 que era \u00abgrav\u00edsimo\u00bb lo que ocurr\u00eda entre ambos, al punto que los hijos que viv\u00edan en la casa hac\u00eda \u00abdibujos que era para agarrarse de los pelos\u00bb.<\/p>\n<p>Seg\u00fan Jorge Taddei, los hijos de la pareja dibujaban personas \u00abcon una mordaza en la boca\u00bb.<\/p>\n<p>Sobre el tr\u00e1gico desenlace, el padre de Wanda consider\u00f3 que lo que pas\u00f3 \u00abera una muerte anunciada\u00bb.<\/p>\n","protected":false},"excerpt":{"rendered":"<p>El padre de Wanda Taddei confirm\u00f3 que \u201cbuscar\u00e1 elementos\u201d para presentarse como querellante en la causa contra su yerno Eduardo V\u00e1zquez por la muerte de su hija. El hombre admiti\u00f3 que durante el tiempo que dur\u00f3 la pareja \u201cuna discusi\u00f3n terminaban en agarrarse a pi\u00f1as\u00bb. Adem\u00e1s, calific\u00f3 lo sucedido con su hija como \u201cuna muerte&hellip;<\/p>\n","protected":false},"author":1,"featured_media":0,"comment_status":"open","ping_status":"open","sticky":false,"template":"","format":"standard","meta":{"footnotes":""},"categories":[20],"tags":[1817,1814,1816,41,2042,2040,2041,1815],"class_list":["post-3898","post","type-post","status-publish","format-standard","hentry","category-judiciales","tag-baterista","tag-callejeros","tag-eduardo-vazquez","tag-justicia","tag-nietos","tag-peleas","tag-trompadas","tag-wanda-taddei"],"_links":{"self":[{"href":"https:\/\/www.elsindical.com.ar\/notas\/wp-json\/wp\/v2\/posts\/3898","targetHints":{"allow":["GET"]}}],"collection":[{"href":"https:\/\/www.elsindical.com.ar\/notas\/wp-json\/wp\/v2\/posts"}],"about":[{"href":"https:\/\/www.elsindical.com.ar\/notas\/wp-json\/wp\/v2\/types\/post"}],"author":[{"embeddable":true,"href":"https:\/\/www.elsindical.com.ar\/notas\/wp-json\/wp\/v2\/users\/1"}],"replies":[{"embeddable":true,"href":"https:\/\/www.elsindical.com.ar\/notas\/wp-json\/wp\/v2\/comments?post=3898"}],"version-history":[{"count":2,"href":"https:\/\/www.elsindical.com.ar\/notas\/wp-json\/wp\/v2\/posts\/3898\/revisions"}],"predecessor-version":[{"id":3901,"href":"https:\/\/www.elsindical.com.ar\/notas\/wp-json\/wp\/v2\/posts\/3898\/revisions\/3901"}],"wp:attachment":[{"href":"https:\/\/www.elsindical.com.ar\/notas\/wp-json\/wp\/v2\/media?parent=3898"}],"wp:term":[{"taxonomy":"category","embeddable":true,"href":"https:\/\/www.elsindical.com.ar\/notas\/wp-json\/wp\/v2\/categories?post=3898"},{"taxonomy":"post_tag","embeddable":true,"href":"https:\/\/www.elsindical.com.ar\/notas\/wp-json\/wp\/v2\/tags?post=3898"}],"curies":[{"name":"wp","href":"https:\/\/api.w.org\/{rel}","templated":true}]}}