{"id":38921,"date":"2013-11-18T18:45:33","date_gmt":"2013-11-18T21:45:33","guid":{"rendered":"http:\/\/www.elsindical.com.ar\/notas\/?p=38921"},"modified":"2013-11-18T18:45:33","modified_gmt":"2013-11-18T21:45:33","slug":"cordobahallan-a-kiara-en-la-localidad-de-dean-funes","status":"publish","type":"post","link":"https:\/\/www.elsindical.com.ar\/notas\/cordobahallan-a-kiara-en-la-localidad-de-dean-funes\/","title":{"rendered":"C\u00f3rdoba:Hallan a Kiara en la localidad de De\u00e1n Funes"},"content":{"rendered":"<p><em><a href=\"http:\/\/www.elsindical.com.ar\/notas\/var\/www\/html\/notas\/wp-content\/uploads\/2013\/11\/Kiara.jpg\"><img loading=\"lazy\" decoding=\"async\" class=\"alignnone size-medium wp-image-38922\" alt=\"Kiara\" src=\"http:\/\/www.elsindical.com.ar\/notas\/var\/www\/html\/notas\/wp-content\/uploads\/2013\/11\/Kiara-300x225.jpg\" width=\"300\" height=\"225\" srcset=\"https:\/\/www.elsindical.com.ar\/notas\/var\/www\/html\/notas\/wp-content\/uploads\/2013\/11\/Kiara-300x225.jpg 300w, https:\/\/www.elsindical.com.ar\/notas\/var\/www\/html\/notas\/wp-content\/uploads\/2013\/11\/Kiara-399x300.jpg 399w, https:\/\/www.elsindical.com.ar\/notas\/var\/www\/html\/notas\/wp-content\/uploads\/2013\/11\/Kiara.jpg 502w\" sizes=\"auto, (max-width: 300px) 100vw, 300px\" \/><\/a>La peque\u00f1a era llevada por un hombre que la trasladaba en una motocicleta, identificado como Marcelo Lemos, al momento de ser encontrada por personal policial en la localidad del norte de la \u00abDocta\u00bb. Era la persona apodada \u00abTucumano\u00bb, con quien hab\u00eda sido vista por \u00faltima vez la beb\u00e9.<\/em><\/p>\n<p>La ni\u00f1a Kiara Romero, de un a\u00f1o y medio, apareci\u00f3 en la localidad cordobesa de De\u00e1n Funes, tras permanecer desaparecida desde el viernes pasado, junto a un hombre que la trasladaba en una motocicleta y que fue detenido.<\/p>\n<p>El Fiscal de San Nicol\u00e1s que intervino en la causa, Ariel Tempo, inform\u00f3 que la peque\u00f1a era llevada por Marcelo Lemos, al momento de ser encontrada por personal policial en la localidad del norte cordob\u00e9s.<\/p>\n<p>El hombre era la persona apodada \u00abTucumano\u00bb, como Tempo identific\u00f3 ayer a quien fue visto por \u00faltima vez con la ni\u00f1a.<\/p>\n<p>El Fiscal consider\u00f3 que la joven de 27 a\u00f1os de nombre Carla que se encuentra detenida ser\u00eda quien entreg\u00f3 a la ni\u00f1a, tras haber sido dejada a cargo de ella por la madre, de s\u00f3lo 15 a\u00f1os.<\/p>\n<p>Adem\u00e1s, permanec\u00edan en prisi\u00f3n dos limpiavidrios de unos 20 a\u00f1os, quienes tambi\u00e9n estuvieron el viernes con la ni\u00f1a y junto a Lemos y Carla.<\/p>\n<p>Tempo dijo que pedir\u00e1 que los cuatro apresados sean imputados como supuestos autores del delito de \u00absustracci\u00f3n de menor\u00bb, que contempla penas de entre 5 y 15 a\u00f1os de prisi\u00f3n, a la vez que descart\u00f3 que la intenci\u00f3n del grupo hubiese sido \u00abvender\u00bb a la nena.<\/p>\n<p>Kiara desapareci\u00f3 alrededor de las 18 del viernes \u00faltimo, cuando su madre la dej\u00f3 al cuidado de Carla, quien se encontraba en una esquina junto a un grupo de limpiavidrios, uno de los cuales presuntamente era Lemos.<\/p>\n<p>Tempo precis\u00f3 que para reconstruir lo ocurrido con Kiara y difundir datos de su presunto apropiador tom\u00f3 como v\u00e1lidas las declaraciones de los dos j\u00f3venes detenidos, porque fueron \u00abcoincidente\u00bb y formulada en forma \u00abseparada\u00bb.<\/p>\n<p>Tambi\u00e9n, dijo, fue importante el testimonio de un chico de 13 a\u00f1os, de un cuidacoches y la del remisero que el viernes llev\u00f3 a los implicados a recorrer varios barrios presuntamente para \u00abconseguir alg\u00fan estupefaciente\u00bb.<\/p>\n<p>En cambio, \u00absi hubiera tenido que guiarme por lo que dijo Carla hubi\u00e9ramos perdido este tiempo, ya que neg\u00f3 su participaci\u00f3n y autor\u00eda\u00bb, remarc\u00f3. Tempo sostuvo que la estrategia de difundir r\u00e1pidamente im\u00e1genes de la ni\u00f1a junto a datos de su presunto captor fue \u00abacertada\u00bb porque el caso fue \u00abesclarecido a partir de personas que vieron al hombre en la localidad de De\u00e1n Funes transitando con la nena\u00bb.<\/p>\n<p>Respecto de la intenci\u00f3n de los detenidos, dijo que \u00abde ninguna manera\u00bb era venderla porque el remisero que los transport\u00f3 el viernes \u00abfue bastante claro\u00bb al afirmar que estaban \u00aben condiciones psicof\u00edsicas inadecuadas\u00bb, es decir, subray\u00f3, \u00aben estado de ebriedad o drogados\u00bb y por eso \u00ablos retorn\u00f3 a la esquina\u00bb donde los subi\u00f3 a su coche.<\/p>\n<p>Finalmente, Tempo descart\u00f3 por completo que la madre de la ni\u00f1a, de 15 a\u00f1os, y la abuela, de 32, hayan tenido alg\u00fan tipo de responsabilidad en la desaparici\u00f3n de Kiara.<\/p>\n<p>\u00abMe pareci\u00f3 sincero el relato de la mam\u00e1 y la abuela\u00bb, manifest\u00f3, aunque admiti\u00f3 que \u00abperdieron bastante tiempo en hacer la denuncia\u00bb, ya que la presentaron casi 24 horas despu\u00e9s de perder contacto con la ni\u00f1a.<\/p>\n","protected":false},"excerpt":{"rendered":"<p>La peque\u00f1a era llevada por un hombre que la trasladaba en una motocicleta, identificado como Marcelo Lemos, al momento de ser encontrada por personal policial en la localidad del norte de la \u00abDocta\u00bb. Era la persona apodada \u00abTucumano\u00bb, con quien hab\u00eda sido vista por \u00faltima vez la beb\u00e9. La ni\u00f1a Kiara Romero, de un a\u00f1o&hellip;<\/p>\n","protected":false},"author":1,"featured_media":0,"comment_status":"open","ping_status":"open","sticky":false,"template":"","format":"standard","meta":{"footnotes":""},"categories":[22],"tags":[153,17423,17424,17422,17421,1162],"class_list":["post-38921","post","type-post","status-publish","format-standard","hentry","category-policiales","tag-cordoba","tag-dean-funes","tag-fiscal-ariel-tempo","tag-kiara","tag-marcelo-lemos","tag-san-nicolas"],"_links":{"self":[{"href":"https:\/\/www.elsindical.com.ar\/notas\/wp-json\/wp\/v2\/posts\/38921","targetHints":{"allow":["GET"]}}],"collection":[{"href":"https:\/\/www.elsindical.com.ar\/notas\/wp-json\/wp\/v2\/posts"}],"about":[{"href":"https:\/\/www.elsindical.com.ar\/notas\/wp-json\/wp\/v2\/types\/post"}],"author":[{"embeddable":true,"href":"https:\/\/www.elsindical.com.ar\/notas\/wp-json\/wp\/v2\/users\/1"}],"replies":[{"embeddable":true,"href":"https:\/\/www.elsindical.com.ar\/notas\/wp-json\/wp\/v2\/comments?post=38921"}],"version-history":[{"count":1,"href":"https:\/\/www.elsindical.com.ar\/notas\/wp-json\/wp\/v2\/posts\/38921\/revisions"}],"predecessor-version":[{"id":38923,"href":"https:\/\/www.elsindical.com.ar\/notas\/wp-json\/wp\/v2\/posts\/38921\/revisions\/38923"}],"wp:attachment":[{"href":"https:\/\/www.elsindical.com.ar\/notas\/wp-json\/wp\/v2\/media?parent=38921"}],"wp:term":[{"taxonomy":"category","embeddable":true,"href":"https:\/\/www.elsindical.com.ar\/notas\/wp-json\/wp\/v2\/categories?post=38921"},{"taxonomy":"post_tag","embeddable":true,"href":"https:\/\/www.elsindical.com.ar\/notas\/wp-json\/wp\/v2\/tags?post=38921"}],"curies":[{"name":"wp","href":"https:\/\/api.w.org\/{rel}","templated":true}]}}