{"id":38915,"date":"2013-11-18T18:30:25","date_gmt":"2013-11-18T21:30:25","guid":{"rendered":"http:\/\/www.elsindical.com.ar\/notas\/?p=38915"},"modified":"2013-11-18T18:30:25","modified_gmt":"2013-11-18T21:30:25","slug":"la-plataotra-fuga-de-un-preso-de-una-carcel-bonaerense","status":"publish","type":"post","link":"https:\/\/www.elsindical.com.ar\/notas\/la-plataotra-fuga-de-un-preso-de-una-carcel-bonaerense\/","title":{"rendered":"La Plata:Otra fuga de un preso de una c\u00e1rcel bonaerense"},"content":{"rendered":"<p><em><a href=\"http:\/\/www.elsindical.com.ar\/notas\/var\/www\/html\/notas\/wp-content\/uploads\/2013\/11\/Unidad-carcelaria-Melchor-Romero.jpg\"><img loading=\"lazy\" decoding=\"async\" class=\"alignnone size-medium wp-image-38916\" alt=\"Unidad-carcelaria-Melchor-Romero\" src=\"http:\/\/www.elsindical.com.ar\/notas\/var\/www\/html\/notas\/wp-content\/uploads\/2013\/11\/Unidad-carcelaria-Melchor-Romero-300x168.jpg\" width=\"300\" height=\"168\" srcset=\"https:\/\/www.elsindical.com.ar\/notas\/var\/www\/html\/notas\/wp-content\/uploads\/2013\/11\/Unidad-carcelaria-Melchor-Romero-300x168.jpg 300w, https:\/\/www.elsindical.com.ar\/notas\/var\/www\/html\/notas\/wp-content\/uploads\/2013\/11\/Unidad-carcelaria-Melchor-Romero-500x281.jpg 500w, https:\/\/www.elsindical.com.ar\/notas\/var\/www\/html\/notas\/wp-content\/uploads\/2013\/11\/Unidad-carcelaria-Melchor-Romero.jpg 531w\" sizes=\"auto, (max-width: 300px) 100vw, 300px\" \/><\/a>Un recluso de 39 a\u00f1os que cumple una condena por robo calificado, logr\u00f3 saltar el cerco perimetral y escapar de la Unidad Carcelaria 10 de Melchor Romero, tras lo cual es intensamente buscado.<\/em><\/p>\n<p><b>Ariel \u00c1ngel Abollo G\u00f3mez<\/b>, un hombre de 39 a\u00f1os que se encontraba privado de su libertad mientras cumpl\u00eda una pena por robo calificado, logr\u00f3 escapar la ma\u00f1ana de este lunes, aunque reci\u00e9n se confirm\u00f3 su ausencia pasado el mediod\u00eda.<\/p>\n<div>G\u00f3mez, quien en este momento es intensamente buscado en la zona de La Plata y alrededores, d<b>eb\u00eda cumplir tres a\u00f1os m\u00e1s de condena<\/b>, y se encontraba en la Unidad Carcelaria 10, de r\u00e9gimen abierto, ubicada en 520 y 176.<\/div>\n<div><\/div>\n<div>En esa<b> Unidad Neuropsiqui\u00e1trica<\/b> son internados para su curaci\u00f3n los penados con patolog\u00edas psic\u00f3ticas o que presentaran una anomal\u00eda psicop\u00e1tica, con fuertes programas de integraci\u00f3n para lograr que, al momento de su libertad, puedan desarrollarse normalmente.<\/div>\n","protected":false},"excerpt":{"rendered":"<p>Un recluso de 39 a\u00f1os que cumple una condena por robo calificado, logr\u00f3 saltar el cerco perimetral y escapar de la Unidad Carcelaria 10 de Melchor Romero, tras lo cual es intensamente buscado. Ariel \u00c1ngel Abollo G\u00f3mez, un hombre de 39 a\u00f1os que se encontraba privado de su libertad mientras cumpl\u00eda una pena por robo&hellip;<\/p>\n","protected":false},"author":1,"featured_media":0,"comment_status":"open","ping_status":"open","sticky":false,"template":"","format":"standard","meta":{"footnotes":""},"categories":[19],"tags":[17417,239,8804],"class_list":["post-38915","post","type-post","status-publish","format-standard","hentry","category-intramuros","tag-ariel-gel-abollo-gomez","tag-la-plata","tag-melchor-romero"],"_links":{"self":[{"href":"https:\/\/www.elsindical.com.ar\/notas\/wp-json\/wp\/v2\/posts\/38915","targetHints":{"allow":["GET"]}}],"collection":[{"href":"https:\/\/www.elsindical.com.ar\/notas\/wp-json\/wp\/v2\/posts"}],"about":[{"href":"https:\/\/www.elsindical.com.ar\/notas\/wp-json\/wp\/v2\/types\/post"}],"author":[{"embeddable":true,"href":"https:\/\/www.elsindical.com.ar\/notas\/wp-json\/wp\/v2\/users\/1"}],"replies":[{"embeddable":true,"href":"https:\/\/www.elsindical.com.ar\/notas\/wp-json\/wp\/v2\/comments?post=38915"}],"version-history":[{"count":1,"href":"https:\/\/www.elsindical.com.ar\/notas\/wp-json\/wp\/v2\/posts\/38915\/revisions"}],"predecessor-version":[{"id":38917,"href":"https:\/\/www.elsindical.com.ar\/notas\/wp-json\/wp\/v2\/posts\/38915\/revisions\/38917"}],"wp:attachment":[{"href":"https:\/\/www.elsindical.com.ar\/notas\/wp-json\/wp\/v2\/media?parent=38915"}],"wp:term":[{"taxonomy":"category","embeddable":true,"href":"https:\/\/www.elsindical.com.ar\/notas\/wp-json\/wp\/v2\/categories?post=38915"},{"taxonomy":"post_tag","embeddable":true,"href":"https:\/\/www.elsindical.com.ar\/notas\/wp-json\/wp\/v2\/tags?post=38915"}],"curies":[{"name":"wp","href":"https:\/\/api.w.org\/{rel}","templated":true}]}}