{"id":38850,"date":"2013-11-15T10:22:19","date_gmt":"2013-11-15T13:22:19","guid":{"rendered":"http:\/\/www.elsindical.com.ar\/notas\/?p=38850"},"modified":"2013-11-15T10:22:19","modified_gmt":"2013-11-15T13:22:19","slug":"berni-dijo-que-hay-una-connotacion-politica-muy-clara-detras-de-la-toma-de-rehenes","status":"publish","type":"post","link":"https:\/\/www.elsindical.com.ar\/notas\/berni-dijo-que-hay-una-connotacion-politica-muy-clara-detras-de-la-toma-de-rehenes\/","title":{"rendered":"Berni dijo que \u00abhay una connotaci\u00f3n pol\u00edtica muy clara\u00bb detr\u00e1s de la toma de rehenes"},"content":{"rendered":"<p><em><a href=\"http:\/\/www.elsindical.com.ar\/notas\/var\/www\/html\/notas\/wp-content\/uploads\/2013\/03\/Sergio-Berni-declaraciones-medios.jpg\"><img loading=\"lazy\" decoding=\"async\" class=\"alignnone size-medium wp-image-33312\" alt=\"Sergio-Berni-declaraciones-medios\" src=\"http:\/\/www.elsindical.com.ar\/notas\/var\/www\/html\/notas\/wp-content\/uploads\/2013\/03\/Sergio-Berni-declaraciones-medios-300x170.jpg\" width=\"300\" height=\"170\" srcset=\"https:\/\/www.elsindical.com.ar\/notas\/var\/www\/html\/notas\/wp-content\/uploads\/2013\/03\/Sergio-Berni-declaraciones-medios-300x170.jpg 300w, https:\/\/www.elsindical.com.ar\/notas\/var\/www\/html\/notas\/wp-content\/uploads\/2013\/03\/Sergio-Berni-declaraciones-medios-500x283.jpg 500w, https:\/\/www.elsindical.com.ar\/notas\/var\/www\/html\/notas\/wp-content\/uploads\/2013\/03\/Sergio-Berni-declaraciones-medios.jpg 502w\" sizes=\"auto, (max-width: 300px) 100vw, 300px\" \/><\/a>El secretario de Seguridad de la Naci\u00f3n, Sergio Berni, sostuvo que \u00abhay una <\/em><br \/>\n<em> connotaci\u00f3n pol\u00edtica muy clara\u00bb detr\u00e1s de la toma de rehenes ocurrida este jueves en la localidad bonaerense de Tortuguitas y pidi\u00f3 a la Justicia \u00abir al fondo de esta cuesti\u00f3n\u00bb.<\/em><\/p>\n<p>En declaraciones a la Televisi\u00f3n P\u00fablica, el funcionario dijo que la Justicia \u00abtendr\u00e1 que indagar con mucha firmeza para ir al fondo de esta cuesti\u00f3n\u00bb.<\/p>\n<p>Consider\u00f3 incluso que \u00abno es casual\u00bb que se produzcan, en especial hacia fines de a\u00f1o y sobre todo en el Conurbano bonaerense, \u00abdiferentes acontecimientos\u00bb que buscan \u00abgenerar un clima de tensi\u00f3n\u00bb en la poblaci\u00f3n.<\/p>\n<p>\u00abSiempre en fechas sensibles para los argentinos\u00bb, coment\u00f3 Berni, haciendo menci\u00f3n a la ca\u00edda del expresidente de la Alianza Fernando de la R\u00faa en medio de una crisis financiera y social en diciembre de 2001.<\/p>\n<p>Remarc\u00f3 que las declaraciones que deber\u00e1n prestar ma\u00f1ana los detenidos tras la toma de rehenes de este jueves en Tortuguitas va a ser \u00abclave para determinar qu\u00e9 es lo que pas\u00f3\u00bb.<\/p>\n","protected":false},"excerpt":{"rendered":"<p>El secretario de Seguridad de la Naci\u00f3n, Sergio Berni, sostuvo que \u00abhay una connotaci\u00f3n pol\u00edtica muy clara\u00bb detr\u00e1s de la toma de rehenes ocurrida este jueves en la localidad bonaerense de Tortuguitas y pidi\u00f3 a la Justicia \u00abir al fondo de esta cuesti\u00f3n\u00bb. En declaraciones a la Televisi\u00f3n P\u00fablica, el funcionario dijo que la Justicia&hellip;<\/p>\n","protected":false},"author":1,"featured_media":0,"comment_status":"open","ping_status":"open","sticky":false,"template":"","format":"standard","meta":{"footnotes":""},"categories":[13],"tags":[41,22025,15396,3851],"class_list":["post-38850","post","type-post","status-publish","format-standard","hentry","category-politica","tag-justicia","tag-politica","tag-secretario-de-seguridad-sergio-berni","tag-toma-de-rehenes"],"_links":{"self":[{"href":"https:\/\/www.elsindical.com.ar\/notas\/wp-json\/wp\/v2\/posts\/38850","targetHints":{"allow":["GET"]}}],"collection":[{"href":"https:\/\/www.elsindical.com.ar\/notas\/wp-json\/wp\/v2\/posts"}],"about":[{"href":"https:\/\/www.elsindical.com.ar\/notas\/wp-json\/wp\/v2\/types\/post"}],"author":[{"embeddable":true,"href":"https:\/\/www.elsindical.com.ar\/notas\/wp-json\/wp\/v2\/users\/1"}],"replies":[{"embeddable":true,"href":"https:\/\/www.elsindical.com.ar\/notas\/wp-json\/wp\/v2\/comments?post=38850"}],"version-history":[{"count":1,"href":"https:\/\/www.elsindical.com.ar\/notas\/wp-json\/wp\/v2\/posts\/38850\/revisions"}],"predecessor-version":[{"id":38851,"href":"https:\/\/www.elsindical.com.ar\/notas\/wp-json\/wp\/v2\/posts\/38850\/revisions\/38851"}],"wp:attachment":[{"href":"https:\/\/www.elsindical.com.ar\/notas\/wp-json\/wp\/v2\/media?parent=38850"}],"wp:term":[{"taxonomy":"category","embeddable":true,"href":"https:\/\/www.elsindical.com.ar\/notas\/wp-json\/wp\/v2\/categories?post=38850"},{"taxonomy":"post_tag","embeddable":true,"href":"https:\/\/www.elsindical.com.ar\/notas\/wp-json\/wp\/v2\/tags?post=38850"}],"curies":[{"name":"wp","href":"https:\/\/api.w.org\/{rel}","templated":true}]}}