{"id":38844,"date":"2013-11-15T09:49:50","date_gmt":"2013-11-15T12:49:50","guid":{"rendered":"http:\/\/www.elsindical.com.ar\/notas\/?p=38844"},"modified":"2013-11-15T09:49:50","modified_gmt":"2013-11-15T12:49:50","slug":"almagroun-nino-de-9-anos-acuchillo-a-sus-companeros-de-escuela","status":"publish","type":"post","link":"https:\/\/www.elsindical.com.ar\/notas\/almagroun-nino-de-9-anos-acuchillo-a-sus-companeros-de-escuela\/","title":{"rendered":"Almagro:Un ni\u00f1o de 9 a\u00f1os acuchill\u00f3 a sus compa\u00f1eros de escuela"},"content":{"rendered":"<p><em><a href=\"http:\/\/www.elsindical.com.ar\/notas\/var\/www\/html\/notas\/wp-content\/uploads\/2013\/11\/escuela-Florencio-Balcarce.jpg\"><img loading=\"lazy\" decoding=\"async\" class=\"alignnone size-medium wp-image-38845\" alt=\"escuela Florencio Balcarce\" src=\"http:\/\/www.elsindical.com.ar\/notas\/var\/www\/html\/notas\/wp-content\/uploads\/2013\/11\/escuela-Florencio-Balcarce-300x225.jpg\" width=\"300\" height=\"225\" srcset=\"https:\/\/www.elsindical.com.ar\/notas\/var\/www\/html\/notas\/wp-content\/uploads\/2013\/11\/escuela-Florencio-Balcarce-300x225.jpg 300w, https:\/\/www.elsindical.com.ar\/notas\/var\/www\/html\/notas\/wp-content\/uploads\/2013\/11\/escuela-Florencio-Balcarce.jpg 400w\" sizes=\"auto, (max-width: 300px) 100vw, 300px\" \/><\/a>Un nene que concurr\u00eda a la Escuela Primaria acuchill\u00f3 a dos compa\u00f1eros suyos en el establecimiento Florencio Balcarce aunque est\u00e1n fuera de peligro, seg\u00fan informaron. Los parientes de las v\u00edctimas aseguraron que el menor concurr\u00eda a la instituci\u00f3n armado con un c\u00fater y una navaja.<\/em><\/p>\n<p>Un ni\u00f1o de 9 a\u00f1os acuchill\u00f3 a dos compa\u00f1eros de la escuela Florencio Balcarce en el barrio porte\u00f1o de Almagro. Los familiares de los alumnos denunciaron que el atacante, identificado como Abel, asiste a la instituci\u00f3n educativa armado con un c\u00fater y una navaja.<\/p>\n<p>\u00abEl martes, en el comedor, le agarr\u00f3 un ataque de locura y tir\u00f3 una mesa. Adem\u00e1s, con un cuchillo, hiri\u00f3 en el brazo a un alumno y en la pierna a otro\u00bb, cont\u00f3 una de las madres que encabezan el reclamo. \u00abLa directora nos dijo que no lo van a sacar del colegio\u00bb, remarc\u00f3 indignada.<\/p>\n<p>No obstante, el alumno de cuarto grado fue por m\u00e1s: tambi\u00e9n amenaz\u00f3 con cortarle los dedos a un nene de segundo grado y le disloc\u00f3 un hombro a profesor.<\/p>\n<p>\u00abPor una mam\u00e1 nos enteramos que el viernes pasado le disloc\u00f3 el brazo al profesor del grado, que ahora est\u00e1 con licencia, y por otra que quiso cortarle los dedos a un nene de segundo grado\u00bb, relat\u00f3 la madre que tiene a su hijo cursando con el ni\u00f1o que mantiene en vilo a la escuela.<\/p>\n<p>Ana Mar\u00eda asegur\u00f3 que \u00ablos chicos no van tranquilos al colegio\u00bb y que \u00abotros directamente no quieren ir porque est\u00e1n muy asustados\u00bb.<\/p>\n<p>\u00abAc\u00e1 no estamos hablando de discriminar, sino de que este chico tiene que tener la atenci\u00f3n que corresponde. Se sabe que tiene problemas de conducta, le agarran estos ataques y, adem\u00e1s, nos enteramos que lo echaron del colegio anterior\u00bb, concluy\u00f3 la mujer.<\/p>\n","protected":false},"excerpt":{"rendered":"<p>Un nene que concurr\u00eda a la Escuela Primaria acuchill\u00f3 a dos compa\u00f1eros suyos en el establecimiento Florencio Balcarce aunque est\u00e1n fuera de peligro, seg\u00fan informaron. Los parientes de las v\u00edctimas aseguraron que el menor concurr\u00eda a la instituci\u00f3n armado con un c\u00fater y una navaja. Un ni\u00f1o de 9 a\u00f1os acuchill\u00f3 a dos compa\u00f1eros de&hellip;<\/p>\n","protected":false},"author":1,"featured_media":0,"comment_status":"open","ping_status":"open","sticky":false,"template":"","format":"standard","meta":{"footnotes":""},"categories":[22],"tags":[1729,3718,2923,17397,17398,17396],"class_list":["post-38844","post","type-post","status-publish","format-standard","hentry","category-policiales","tag-almagro","tag-chico","tag-companeros","tag-cuter","tag-florencio-balcarce","tag-navaja"],"_links":{"self":[{"href":"https:\/\/www.elsindical.com.ar\/notas\/wp-json\/wp\/v2\/posts\/38844","targetHints":{"allow":["GET"]}}],"collection":[{"href":"https:\/\/www.elsindical.com.ar\/notas\/wp-json\/wp\/v2\/posts"}],"about":[{"href":"https:\/\/www.elsindical.com.ar\/notas\/wp-json\/wp\/v2\/types\/post"}],"author":[{"embeddable":true,"href":"https:\/\/www.elsindical.com.ar\/notas\/wp-json\/wp\/v2\/users\/1"}],"replies":[{"embeddable":true,"href":"https:\/\/www.elsindical.com.ar\/notas\/wp-json\/wp\/v2\/comments?post=38844"}],"version-history":[{"count":1,"href":"https:\/\/www.elsindical.com.ar\/notas\/wp-json\/wp\/v2\/posts\/38844\/revisions"}],"predecessor-version":[{"id":38846,"href":"https:\/\/www.elsindical.com.ar\/notas\/wp-json\/wp\/v2\/posts\/38844\/revisions\/38846"}],"wp:attachment":[{"href":"https:\/\/www.elsindical.com.ar\/notas\/wp-json\/wp\/v2\/media?parent=38844"}],"wp:term":[{"taxonomy":"category","embeddable":true,"href":"https:\/\/www.elsindical.com.ar\/notas\/wp-json\/wp\/v2\/categories?post=38844"},{"taxonomy":"post_tag","embeddable":true,"href":"https:\/\/www.elsindical.com.ar\/notas\/wp-json\/wp\/v2\/tags?post=38844"}],"curies":[{"name":"wp","href":"https:\/\/api.w.org\/{rel}","templated":true}]}}