{"id":38801,"date":"2013-11-13T22:45:16","date_gmt":"2013-11-14T01:45:16","guid":{"rendered":"http:\/\/www.elsindical.com.ar\/notas\/?p=38801"},"modified":"2013-11-13T22:45:16","modified_gmt":"2013-11-14T01:45:16","slug":"el-intendente-de-avellaneda-dialogo-con-los-alumnos-de-2o-grado-de-la-escuela-no-1","status":"publish","type":"post","link":"https:\/\/www.elsindical.com.ar\/notas\/el-intendente-de-avellaneda-dialogo-con-los-alumnos-de-2o-grado-de-la-escuela-no-1\/","title":{"rendered":"El intendente de Avellaneda dialog\u00f3 con los alumnos de 2\u00ba grado de la Escuela N\u00ba 1."},"content":{"rendered":"<p><em><a href=\"http:\/\/www.elsindical.com.ar\/notas\/var\/www\/html\/notas\/wp-content\/uploads\/2013\/11\/IMG_3618.jpg\"><img loading=\"lazy\" decoding=\"async\" class=\"alignnone size-medium wp-image-38802\" alt=\"IMG_3618\" src=\"http:\/\/www.elsindical.com.ar\/notas\/var\/www\/html\/notas\/wp-content\/uploads\/2013\/11\/IMG_3618-300x198.jpg\" width=\"300\" height=\"198\" srcset=\"https:\/\/www.elsindical.com.ar\/notas\/var\/www\/html\/notas\/wp-content\/uploads\/2013\/11\/IMG_3618-300x198.jpg 300w, https:\/\/www.elsindical.com.ar\/notas\/var\/www\/html\/notas\/wp-content\/uploads\/2013\/11\/IMG_3618-453x300.jpg 453w, https:\/\/www.elsindical.com.ar\/notas\/var\/www\/html\/notas\/wp-content\/uploads\/2013\/11\/IMG_3618.jpg 531w\" sizes=\"auto, (max-width: 300px) 100vw, 300px\" \/><\/a>El intendente Jorge Ferraresi se reuni\u00f3 el mi\u00e9rcoles 13 de noviembre con los alumnos de segundo grado de la Escuela N\u00ba 1 \u201cNicol\u00e1s Avellaneda\u201d, ubicada en Av. Mitre 750.<\/em><\/p>\n<p>En ese contexto, m\u00e1s de 30 chicos se turnaron para hacer preguntas al jefe comunal para conocer m\u00e1s sobre su vida privada, la gesti\u00f3n de gobierno y el funcionamiento de la Municipalidad.<\/p>\n","protected":false},"excerpt":{"rendered":"<p>El intendente Jorge Ferraresi se reuni\u00f3 el mi\u00e9rcoles 13 de noviembre con los alumnos de segundo grado de la Escuela N\u00ba 1 \u201cNicol\u00e1s Avellaneda\u201d, ubicada en Av. Mitre 750. En ese contexto, m\u00e1s de 30 chicos se turnaron para hacer preguntas al jefe comunal para conocer m\u00e1s sobre su vida privada, la gesti\u00f3n de gobierno&hellip;<\/p>\n","protected":false},"author":1,"featured_media":0,"comment_status":"open","ping_status":"open","sticky":false,"template":"","format":"standard","meta":{"footnotes":""},"categories":[13],"tags":[7641,1833,1062,2508],"class_list":["post-38801","post","type-post","status-publish","format-standard","hentry","category-politica","tag-gestion","tag-intendente","tag-jorge-ferraresi","tag-municipalidad"],"_links":{"self":[{"href":"https:\/\/www.elsindical.com.ar\/notas\/wp-json\/wp\/v2\/posts\/38801","targetHints":{"allow":["GET"]}}],"collection":[{"href":"https:\/\/www.elsindical.com.ar\/notas\/wp-json\/wp\/v2\/posts"}],"about":[{"href":"https:\/\/www.elsindical.com.ar\/notas\/wp-json\/wp\/v2\/types\/post"}],"author":[{"embeddable":true,"href":"https:\/\/www.elsindical.com.ar\/notas\/wp-json\/wp\/v2\/users\/1"}],"replies":[{"embeddable":true,"href":"https:\/\/www.elsindical.com.ar\/notas\/wp-json\/wp\/v2\/comments?post=38801"}],"version-history":[{"count":1,"href":"https:\/\/www.elsindical.com.ar\/notas\/wp-json\/wp\/v2\/posts\/38801\/revisions"}],"predecessor-version":[{"id":38803,"href":"https:\/\/www.elsindical.com.ar\/notas\/wp-json\/wp\/v2\/posts\/38801\/revisions\/38803"}],"wp:attachment":[{"href":"https:\/\/www.elsindical.com.ar\/notas\/wp-json\/wp\/v2\/media?parent=38801"}],"wp:term":[{"taxonomy":"category","embeddable":true,"href":"https:\/\/www.elsindical.com.ar\/notas\/wp-json\/wp\/v2\/categories?post=38801"},{"taxonomy":"post_tag","embeddable":true,"href":"https:\/\/www.elsindical.com.ar\/notas\/wp-json\/wp\/v2\/tags?post=38801"}],"curies":[{"name":"wp","href":"https:\/\/api.w.org\/{rel}","templated":true}]}}