{"id":38798,"date":"2013-11-13T22:12:58","date_gmt":"2013-11-14T01:12:58","guid":{"rendered":"http:\/\/www.elsindical.com.ar\/notas\/?p=38798"},"modified":"2013-11-13T22:12:58","modified_gmt":"2013-11-14T01:12:58","slug":"chacaritacaos-y-enfrentamientos-entre-la-policia-vecinos-y-ocupantes-de-un-comedor-comunitario","status":"publish","type":"post","link":"https:\/\/www.elsindical.com.ar\/notas\/chacaritacaos-y-enfrentamientos-entre-la-policia-vecinos-y-ocupantes-de-un-comedor-comunitario\/","title":{"rendered":"Chacarita:Caos y enfrentamientos entre la polic\u00eda, vecinos y ocupantes de un comedor comunitario"},"content":{"rendered":"<p><em><a href=\"http:\/\/www.elsindical.com.ar\/notas\/var\/www\/html\/notas\/wp-content\/uploads\/2013\/11\/incidentes-en-comedor-de-Ch.jpg\"><img loading=\"lazy\" decoding=\"async\" class=\"alignnone size-medium wp-image-38799\" alt=\"incidentes-en-comedor-de-Ch\" src=\"http:\/\/www.elsindical.com.ar\/notas\/var\/www\/html\/notas\/wp-content\/uploads\/2013\/11\/incidentes-en-comedor-de-Ch-300x206.jpg\" width=\"300\" height=\"206\" srcset=\"https:\/\/www.elsindical.com.ar\/notas\/var\/www\/html\/notas\/wp-content\/uploads\/2013\/11\/incidentes-en-comedor-de-Ch-300x206.jpg 300w, https:\/\/www.elsindical.com.ar\/notas\/var\/www\/html\/notas\/wp-content\/uploads\/2013\/11\/incidentes-en-comedor-de-Ch-436x300.jpg 436w, https:\/\/www.elsindical.com.ar\/notas\/var\/www\/html\/notas\/wp-content\/uploads\/2013\/11\/incidentes-en-comedor-de-Ch.jpg 531w\" sizes=\"auto, (max-width: 300px) 100vw, 300px\" \/><\/a>Habitantes de Villa Fraga apedrearon a oficiales que intentaban liberar un local supuestamente tomado por narcos. Las distintas versiones.<\/em><\/p>\n<p>Agentes de la Polic\u00eda Federal Argentina (PFA) se enfrentaron con vecinos de Villa Fraga, Chacarita, mientras intentaban desalojar un comedor infantil ocupado, supuestamente, por narcos o personas en situaci\u00f3n de calle. Un grupo de la Guardia de Infanter\u00eda choc\u00f3 con los habitantes del asentamiento, que <strong>les respondieron con piedras<\/strong>, seg\u00fan las primeras im\u00e1genes capturadas en la zona.<\/p>\n<p>Los incidentes comenzaron cuando se report\u00f3 que <strong>un comedor,\u00a0ubicado en Fraga al 900, hab\u00eda sido copado por narcotraficantes<\/strong>. Los agresores supuestamente ingresaron armados con palos, botellas y armas de fuego al comedor La Esperanza -administrado por la Corriente Clasista y Combativa, que alimenta all\u00ed a unos 500 chicos- e hirieron a varias personas.<\/p>\n<p>\u00abSab\u00edamos que ac\u00e1 en el barrio viv\u00eda un grupo de gente que comercializa droga. No es un secreto. Pero hasta ahora nunca se hab\u00edan metido con el resto de la gente\u00bb, dijo Carlos Men\u00e9ndez, vecino de la junta comunal., al canal de noticias <em>TN<\/em>.<\/p>\n<p><strong>Versiones cruzadas. <\/strong>Fuentes oficiales dijeron, sin embargo, que quienes ocuparon el comedor pertenec\u00edan de un grupo de personas en situaci\u00f3n de calle, entre ellos cuatro mujeres embarazadas y algunos ni\u00f1os. Seg\u00fan apunta la agencia <em>T\u00e9lam<\/em>, todos fueron asistidos por personal de Desarrollo Social del Gobierno de la Ciudad de Buenos Aires.<\/p>\n","protected":false},"excerpt":{"rendered":"<p>Habitantes de Villa Fraga apedrearon a oficiales que intentaban liberar un local supuestamente tomado por narcos. Las distintas versiones. Agentes de la Polic\u00eda Federal Argentina (PFA) se enfrentaron con vecinos de Villa Fraga, Chacarita, mientras intentaban desalojar un comedor infantil ocupado, supuestamente, por narcos o personas en situaci\u00f3n de calle. Un grupo de la Guardia&hellip;<\/p>\n","protected":false},"author":1,"featured_media":0,"comment_status":"open","ping_status":"open","sticky":false,"template":"","format":"standard","meta":{"footnotes":""},"categories":[22],"tags":[17386,698,71,17385],"class_list":["post-38798","post","type-post","status-publish","format-standard","hentry","category-policiales","tag-corriente-clasista-y-combativa","tag-pfa","tag-tn","tag-villa-fraga"],"_links":{"self":[{"href":"https:\/\/www.elsindical.com.ar\/notas\/wp-json\/wp\/v2\/posts\/38798","targetHints":{"allow":["GET"]}}],"collection":[{"href":"https:\/\/www.elsindical.com.ar\/notas\/wp-json\/wp\/v2\/posts"}],"about":[{"href":"https:\/\/www.elsindical.com.ar\/notas\/wp-json\/wp\/v2\/types\/post"}],"author":[{"embeddable":true,"href":"https:\/\/www.elsindical.com.ar\/notas\/wp-json\/wp\/v2\/users\/1"}],"replies":[{"embeddable":true,"href":"https:\/\/www.elsindical.com.ar\/notas\/wp-json\/wp\/v2\/comments?post=38798"}],"version-history":[{"count":1,"href":"https:\/\/www.elsindical.com.ar\/notas\/wp-json\/wp\/v2\/posts\/38798\/revisions"}],"predecessor-version":[{"id":38800,"href":"https:\/\/www.elsindical.com.ar\/notas\/wp-json\/wp\/v2\/posts\/38798\/revisions\/38800"}],"wp:attachment":[{"href":"https:\/\/www.elsindical.com.ar\/notas\/wp-json\/wp\/v2\/media?parent=38798"}],"wp:term":[{"taxonomy":"category","embeddable":true,"href":"https:\/\/www.elsindical.com.ar\/notas\/wp-json\/wp\/v2\/categories?post=38798"},{"taxonomy":"post_tag","embeddable":true,"href":"https:\/\/www.elsindical.com.ar\/notas\/wp-json\/wp\/v2\/tags?post=38798"}],"curies":[{"name":"wp","href":"https:\/\/api.w.org\/{rel}","templated":true}]}}