{"id":38674,"date":"2013-11-06T23:15:40","date_gmt":"2013-11-07T02:15:40","guid":{"rendered":"http:\/\/www.elsindical.com.ar\/notas\/?p=38674"},"modified":"2013-11-06T23:15:40","modified_gmt":"2013-11-07T02:15:40","slug":"liniers-agente-de-la-metropolitana-hiere-a-comerciante-al-efectuar-un-disparo-intimidatorio","status":"publish","type":"post","link":"https:\/\/www.elsindical.com.ar\/notas\/liniers-agente-de-la-metropolitana-hiere-a-comerciante-al-efectuar-un-disparo-intimidatorio\/","title":{"rendered":"Liniers: Agente de la Metropolitana hiere a comerciante al efectuar un disparo intimidatorio"},"content":{"rendered":"<p><em><a href=\"http:\/\/www.elsindical.com.ar\/notas\/var\/www\/html\/notas\/wp-content\/uploads\/2011\/02\/mujer-apuntando-arma.jpg\"><img loading=\"lazy\" decoding=\"async\" class=\"alignnone size-medium wp-image-12534\" alt=\"mujer-apuntando-arma\" src=\"http:\/\/www.elsindical.com.ar\/notas\/var\/www\/html\/notas\/wp-content\/uploads\/2011\/02\/mujer-apuntando-arma-300x239.jpg\" width=\"300\" height=\"239\" srcset=\"https:\/\/www.elsindical.com.ar\/notas\/var\/www\/html\/notas\/wp-content\/uploads\/2011\/02\/mujer-apuntando-arma-300x239.jpg 300w, https:\/\/www.elsindical.com.ar\/notas\/var\/www\/html\/notas\/wp-content\/uploads\/2011\/02\/mujer-apuntando-arma.jpg 417w\" sizes=\"auto, (max-width: 300px) 100vw, 300px\" \/><\/a>Una efectivo de la Metropolitana que estaba de civil fue asaltada por un ladr\u00f3n, al que persigui\u00f3 y dispar\u00f3. Desafortunadamente, la bala impact\u00f3 en un comerciante que estaba en la puerta de su local.<\/em><\/p>\n<div id=\"texto\">\n<p>Un comerciante <b>result\u00f3 baleado en un hombro<\/b>, al rebotar en el piso la bala disparada en forma intimidatoria por una agente de la <b>Polic\u00eda Metropolitana cuando persegu\u00eda a un ladr\u00f3n que le hab\u00eda robado el celular<\/b>, en el barrio porte\u00f1o de Liniers, informaron fuentes policiales.<\/p>\n<p>El hecho ocurri\u00f3 en el mediod\u00eda del mi\u00e9rcoles, en Viedma al 6900, cuando un delincuente le rob\u00f3 el celular a una mujer, sin saber que era una agente de la Polic\u00eda porte\u00f1a que estaba vestida de civil por encontrarse fuera de servicio.<\/p>\n<p>La polic\u00eda se identific\u00f3 y comenz\u00f3 a perseguir al ladr\u00f3n por la calle Viedma, en cuyo trayecto efectu\u00f3 un disparo intimidatorio para obligarlo a deternerse. De acuerdo al informe, <b>la bala rebot\u00f3<\/b> aparentemente en el suelo e hiri\u00f3 en un hombro a un comerciante que se encontraba en la puerta de su negocio ubicado sobre esa calle.<\/p>\n<p>Fuentes policiales destacaron que el herido fue trasladado al hospital Velez Sarsfield donde lo asistieron por la lesi\u00f3n y <b>se encontraba fuera de peligro<\/b>.<\/p>\n<p>En tanto, el delincuente result\u00f3 detenido y alojado en la seccional 44 adonde, adem\u00e1s, concurrieron como testigos alguna personas que presenciaron los hechos.<\/p>\n<\/div>\n","protected":false},"excerpt":{"rendered":"<p>Una efectivo de la Metropolitana que estaba de civil fue asaltada por un ladr\u00f3n, al que persigui\u00f3 y dispar\u00f3. Desafortunadamente, la bala impact\u00f3 en un comerciante que estaba en la puerta de su local. Un comerciante result\u00f3 baleado en un hombro, al rebotar en el piso la bala disparada en forma intimidatoria por una agente&hellip;<\/p>\n","protected":false},"author":1,"featured_media":0,"comment_status":"open","ping_status":"open","sticky":false,"template":"","format":"standard","meta":{"footnotes":""},"categories":[22],"tags":[413,519,1878,451,30,116],"class_list":["post-38674","post","type-post","status-publish","format-standard","hentry","category-policiales","tag-bala","tag-celular","tag-liniers","tag-metropolitana","tag-policia","tag-robo"],"_links":{"self":[{"href":"https:\/\/www.elsindical.com.ar\/notas\/wp-json\/wp\/v2\/posts\/38674","targetHints":{"allow":["GET"]}}],"collection":[{"href":"https:\/\/www.elsindical.com.ar\/notas\/wp-json\/wp\/v2\/posts"}],"about":[{"href":"https:\/\/www.elsindical.com.ar\/notas\/wp-json\/wp\/v2\/types\/post"}],"author":[{"embeddable":true,"href":"https:\/\/www.elsindical.com.ar\/notas\/wp-json\/wp\/v2\/users\/1"}],"replies":[{"embeddable":true,"href":"https:\/\/www.elsindical.com.ar\/notas\/wp-json\/wp\/v2\/comments?post=38674"}],"version-history":[{"count":1,"href":"https:\/\/www.elsindical.com.ar\/notas\/wp-json\/wp\/v2\/posts\/38674\/revisions"}],"predecessor-version":[{"id":38675,"href":"https:\/\/www.elsindical.com.ar\/notas\/wp-json\/wp\/v2\/posts\/38674\/revisions\/38675"}],"wp:attachment":[{"href":"https:\/\/www.elsindical.com.ar\/notas\/wp-json\/wp\/v2\/media?parent=38674"}],"wp:term":[{"taxonomy":"category","embeddable":true,"href":"https:\/\/www.elsindical.com.ar\/notas\/wp-json\/wp\/v2\/categories?post=38674"},{"taxonomy":"post_tag","embeddable":true,"href":"https:\/\/www.elsindical.com.ar\/notas\/wp-json\/wp\/v2\/tags?post=38674"}],"curies":[{"name":"wp","href":"https:\/\/api.w.org\/{rel}","templated":true}]}}