{"id":38672,"date":"2013-11-06T23:12:14","date_gmt":"2013-11-07T02:12:14","guid":{"rendered":"http:\/\/www.elsindical.com.ar\/notas\/?p=38672"},"modified":"2013-11-07T00:25:23","modified_gmt":"2013-11-07T03:25:23","slug":"la-platados-presos-escaparon-del-penal-de-olmos-en-un-remis","status":"publish","type":"post","link":"https:\/\/www.elsindical.com.ar\/notas\/la-platados-presos-escaparon-del-penal-de-olmos-en-un-remis\/","title":{"rendered":"La Plata:Dos presos escaparon del penal de Olmos en un remis"},"content":{"rendered":"<p><em><a href=\"http:\/\/www.elsindical.com.ar\/notas\/var\/www\/html\/notas\/wp-content\/uploads\/2012\/04\/Unidad-1-de-Olmos.jpg\"><img loading=\"lazy\" decoding=\"async\" class=\"alignnone size-medium wp-image-22736\" alt=\"Unidad-1-de-Olmos\" src=\"http:\/\/www.elsindical.com.ar\/notas\/var\/www\/html\/notas\/wp-content\/uploads\/2012\/04\/Unidad-1-de-Olmos-300x201.jpg\" width=\"300\" height=\"201\" srcset=\"https:\/\/www.elsindical.com.ar\/notas\/var\/www\/html\/notas\/wp-content\/uploads\/2012\/04\/Unidad-1-de-Olmos-300x201.jpg 300w, https:\/\/www.elsindical.com.ar\/notas\/var\/www\/html\/notas\/wp-content\/uploads\/2012\/04\/Unidad-1-de-Olmos.jpg 413w\" sizes=\"auto, (max-width: 300px) 100vw, 300px\" \/><\/a>Durante la ma\u00f1ana de ayer, dos presos de esa c\u00e1rcel saltaron dos alambrados de casi tres metros de altura, y escaparon en un rem\u00eds que hab\u00eda pedido una mujer que los hab\u00eda visitado en la c\u00e1rcel. Los efectivos policiales realizaron rastrillajes en la zona pero no hallaron a los evadidos. Un nuevo episodio m\u00e1s de los que parecen no tener fin en el SPB que evidencia el descontrol que existe en sus unidades.<\/em><\/p>\n<p>Dos presos detenidos por robo agravado se fugaron de la Unidad Penal n\u00famero 26 de Lisandro Olmos, en el partido de La Plata, y huyeron en un rem\u00eds hacia la localidad de Florencio Varela, informaron fuentes policiales.<\/p>\n<p>El hecho que trascendi\u00f3 hoy ocurri\u00f3 ayer en el penal ubicado en calle 197, entre 47 y 48, que tiene un r\u00e9gimen semiabierto.<\/p>\n<p>Tras recibir la visita de una mujer, dos reclusos identificados como Hugo Dar\u00edo Olmos Echaniz, de 32 a\u00f1os, y Pablo Llorente Ferreyra, de 30, ambos detenidos por robo agravado, saltaron dos alambrados perimetrales de m\u00e1s de 3 metros de altura y escaparon.<\/p>\n<p>Mientras esto ocurr\u00eda, la mujer se dirigi\u00f3 a una remiser\u00eda de la zona y contrat\u00f3 un viaje hasta Florencio Varela.<\/p>\n<p>Tras recorrer algunas cuadras, la c\u00f3mplice de los evadidos le pidi\u00f3 al chofer que se dirigiera hasta la calle 47, entre 195 y 196, para que all\u00ed abordaran el auto los dos presos fugados.<\/p>\n<p>Seg\u00fan las fuentes, durante el trayecto a Florencio Varela el remisero se dio cuenta de que los dos hombres eran delincuentes y al llegar a las calles Paysand\u00fa y Yugoslavia, de esa localidad, los tres pasajeros descendieron y no pagaron el viaje.<\/p>\n<p><a href=\"http:\/\/www.elsindical.com.ar\/notas\/var\/www\/html\/notas\/wp-content\/uploads\/2013\/11\/pr\u00f3fugos-de-Olmos.jpg\"><img loading=\"lazy\" decoding=\"async\" class=\"alignnone size-medium wp-image-38679\" alt=\"pr\u00f3fugos-de-Olmos\" src=\"http:\/\/www.elsindical.com.ar\/notas\/var\/www\/html\/notas\/wp-content\/uploads\/2013\/11\/pr\u00f3fugos-de-Olmos-300x148.jpg\" width=\"300\" height=\"148\" srcset=\"https:\/\/www.elsindical.com.ar\/notas\/var\/www\/html\/notas\/wp-content\/uploads\/2013\/11\/pr\u00f3fugos-de-Olmos-300x148.jpg 300w, https:\/\/www.elsindical.com.ar\/notas\/var\/www\/html\/notas\/wp-content\/uploads\/2013\/11\/pr\u00f3fugos-de-Olmos-500x247.jpg 500w, https:\/\/www.elsindical.com.ar\/notas\/var\/www\/html\/notas\/wp-content\/uploads\/2013\/11\/pr\u00f3fugos-de-Olmos.jpg 531w\" sizes=\"auto, (max-width: 300px) 100vw, 300px\" \/><\/a><\/p>\n","protected":false},"excerpt":{"rendered":"<p>Durante la ma\u00f1ana de ayer, dos presos de esa c\u00e1rcel saltaron dos alambrados de casi tres metros de altura, y escaparon en un rem\u00eds que hab\u00eda pedido una mujer que los hab\u00eda visitado en la c\u00e1rcel. Los efectivos policiales realizaron rastrillajes en la zona pero no hallaron a los evadidos. Un nuevo episodio m\u00e1s de&hellip;<\/p>\n","protected":false},"author":1,"featured_media":0,"comment_status":"open","ping_status":"open","sticky":false,"template":"","format":"standard","meta":{"footnotes":""},"categories":[22],"tags":[17349,3048,17350,1226,3677,1544],"class_list":["post-38672","post","type-post","status-publish","format-standard","hentry","category-policiales","tag-hugo-dario-olmos-echaniz","tag-olmos","tag-pablo-llorente-ferreyra","tag-presos","tag-remis","tag-spb"],"_links":{"self":[{"href":"https:\/\/www.elsindical.com.ar\/notas\/wp-json\/wp\/v2\/posts\/38672","targetHints":{"allow":["GET"]}}],"collection":[{"href":"https:\/\/www.elsindical.com.ar\/notas\/wp-json\/wp\/v2\/posts"}],"about":[{"href":"https:\/\/www.elsindical.com.ar\/notas\/wp-json\/wp\/v2\/types\/post"}],"author":[{"embeddable":true,"href":"https:\/\/www.elsindical.com.ar\/notas\/wp-json\/wp\/v2\/users\/1"}],"replies":[{"embeddable":true,"href":"https:\/\/www.elsindical.com.ar\/notas\/wp-json\/wp\/v2\/comments?post=38672"}],"version-history":[{"count":3,"href":"https:\/\/www.elsindical.com.ar\/notas\/wp-json\/wp\/v2\/posts\/38672\/revisions"}],"predecessor-version":[{"id":38681,"href":"https:\/\/www.elsindical.com.ar\/notas\/wp-json\/wp\/v2\/posts\/38672\/revisions\/38681"}],"wp:attachment":[{"href":"https:\/\/www.elsindical.com.ar\/notas\/wp-json\/wp\/v2\/media?parent=38672"}],"wp:term":[{"taxonomy":"category","embeddable":true,"href":"https:\/\/www.elsindical.com.ar\/notas\/wp-json\/wp\/v2\/categories?post=38672"},{"taxonomy":"post_tag","embeddable":true,"href":"https:\/\/www.elsindical.com.ar\/notas\/wp-json\/wp\/v2\/tags?post=38672"}],"curies":[{"name":"wp","href":"https:\/\/api.w.org\/{rel}","templated":true}]}}