{"id":38551,"date":"2013-11-01T15:32:16","date_gmt":"2013-11-01T18:32:16","guid":{"rendered":"http:\/\/www.elsindical.com.ar\/notas\/?p=38551"},"modified":"2013-11-01T15:52:31","modified_gmt":"2013-11-01T18:52:31","slug":"la-feria-del-ministerio-de-desarrollo-social-de-la-nacion-en-avellaneda","status":"publish","type":"post","link":"https:\/\/www.elsindical.com.ar\/notas\/la-feria-del-ministerio-de-desarrollo-social-de-la-nacion-en-avellaneda\/","title":{"rendered":"La Feria del Ministerio de Desarrollo Social de la Naci\u00f3n en Avellaneda"},"content":{"rendered":"<p><em><a href=\"http:\/\/www.elsindical.com.ar\/notas\/var\/www\/html\/notas\/wp-content\/uploads\/2013\/11\/flyer-economia-social-01.jpg\"><img loading=\"lazy\" decoding=\"async\" class=\"alignnone size-medium wp-image-38552\" alt=\"flyer-economia-social-01\" src=\"http:\/\/www.elsindical.com.ar\/notas\/var\/www\/html\/notas\/wp-content\/uploads\/2013\/11\/flyer-economia-social-01-216x300.jpg\" width=\"216\" height=\"300\" srcset=\"https:\/\/www.elsindical.com.ar\/notas\/var\/www\/html\/notas\/wp-content\/uploads\/2013\/11\/flyer-economia-social-01-216x300.jpg 216w, https:\/\/www.elsindical.com.ar\/notas\/var\/www\/html\/notas\/wp-content\/uploads\/2013\/11\/flyer-economia-social-01.jpg 531w\" sizes=\"auto, (max-width: 216px) 100vw, 216px\" \/><\/a>Se ubica a pasos del Palacio Municipal de Av. G\u00fcemes al 800 y puede visitarse todos los s\u00e1bados de 10 a 19 hs.<\/em><\/p>\n<p>La Municipalidad de Avellaneda informa que, a partir de este s\u00e1bado 2 de noviembre de 10 a 19 hs. funcionar\u00e1 la Feria de Econom\u00eda Social y Solidaria de Emprendedores, en Av. G\u00fcemes y Lanares, a metros del Palacio Municipal.<\/p>\n<p>En dicha feria se podr\u00e1n encontrar todo tipos de productos a precios accesibles como: carteras, zapatos, art\u00edculos de costura y comestibles, entre otros.<\/p>\n<p>Vale destacar que estas ferias nacen con el objetivo de generar oportunidades de comercializaci\u00f3n, promoci\u00f3n e intercambio para los emprendimientos.<\/p>\n<p>El Ministerio de Desarrollo Social organiza diferentes Ferias y de este modo los productores cuentan con una herramienta de contacto directo con los consumidores y con otros emprendedores de todo el pa\u00eds. A su vez, el p\u00fablico que visita las ferias no s\u00f3lo compra productos de calidad a precios justos sino que adem\u00e1s apoya una forma distinta de producir, comprometida con la cultura de los productores, su historia, saberes y valores.<\/p>\n","protected":false},"excerpt":{"rendered":"<p>Se ubica a pasos del Palacio Municipal de Av. G\u00fcemes al 800 y puede visitarse todos los s\u00e1bados de 10 a 19 hs. La Municipalidad de Avellaneda informa que, a partir de este s\u00e1bado 2 de noviembre de 10 a 19 hs. funcionar\u00e1 la Feria de Econom\u00eda Social y Solidaria de Emprendedores, en Av. G\u00fcemes&hellip;<\/p>\n","protected":false},"author":1,"featured_media":0,"comment_status":"open","ping_status":"open","sticky":false,"template":"","format":"standard","meta":{"footnotes":""},"categories":[25],"tags":[461,17307,868,9984],"class_list":["post-38551","post","type-post","status-publish","format-standard","hentry","category-sociedad","tag-avellaneda","tag-emprendedores","tag-feria","tag-ministerio-de-desarrollo-social-de-la-nacion"],"_links":{"self":[{"href":"https:\/\/www.elsindical.com.ar\/notas\/wp-json\/wp\/v2\/posts\/38551","targetHints":{"allow":["GET"]}}],"collection":[{"href":"https:\/\/www.elsindical.com.ar\/notas\/wp-json\/wp\/v2\/posts"}],"about":[{"href":"https:\/\/www.elsindical.com.ar\/notas\/wp-json\/wp\/v2\/types\/post"}],"author":[{"embeddable":true,"href":"https:\/\/www.elsindical.com.ar\/notas\/wp-json\/wp\/v2\/users\/1"}],"replies":[{"embeddable":true,"href":"https:\/\/www.elsindical.com.ar\/notas\/wp-json\/wp\/v2\/comments?post=38551"}],"version-history":[{"count":2,"href":"https:\/\/www.elsindical.com.ar\/notas\/wp-json\/wp\/v2\/posts\/38551\/revisions"}],"predecessor-version":[{"id":38557,"href":"https:\/\/www.elsindical.com.ar\/notas\/wp-json\/wp\/v2\/posts\/38551\/revisions\/38557"}],"wp:attachment":[{"href":"https:\/\/www.elsindical.com.ar\/notas\/wp-json\/wp\/v2\/media?parent=38551"}],"wp:term":[{"taxonomy":"category","embeddable":true,"href":"https:\/\/www.elsindical.com.ar\/notas\/wp-json\/wp\/v2\/categories?post=38551"},{"taxonomy":"post_tag","embeddable":true,"href":"https:\/\/www.elsindical.com.ar\/notas\/wp-json\/wp\/v2\/tags?post=38551"}],"curies":[{"name":"wp","href":"https:\/\/api.w.org\/{rel}","templated":true}]}}