{"id":38475,"date":"2013-10-29T14:09:02","date_gmt":"2013-10-29T17:09:02","guid":{"rendered":"http:\/\/www.elsindical.com.ar\/notas\/?p=38475"},"modified":"2013-10-29T14:09:02","modified_gmt":"2013-10-29T17:09:02","slug":"intensa-busqueda-de-francesca-en-arrecifes","status":"publish","type":"post","link":"https:\/\/www.elsindical.com.ar\/notas\/intensa-busqueda-de-francesca-en-arrecifes\/","title":{"rendered":"Intensa b\u00fasqueda de Francesca en Arrecifes"},"content":{"rendered":"<p><em><a href=\"http:\/\/www.elsindical.com.ar\/notas\/var\/www\/html\/notas\/wp-content\/uploads\/2013\/10\/Francesca-Caporossi.jpg\"><img loading=\"lazy\" decoding=\"async\" class=\"alignnone size-medium wp-image-38476\" alt=\"Francesca-Caporossi\" src=\"http:\/\/www.elsindical.com.ar\/notas\/var\/www\/html\/notas\/wp-content\/uploads\/2013\/10\/Francesca-Caporossi-300x170.jpg\" width=\"300\" height=\"170\" srcset=\"https:\/\/www.elsindical.com.ar\/notas\/var\/www\/html\/notas\/wp-content\/uploads\/2013\/10\/Francesca-Caporossi-300x170.jpg 300w, https:\/\/www.elsindical.com.ar\/notas\/var\/www\/html\/notas\/wp-content\/uploads\/2013\/10\/Francesca-Caporossi-500x284.jpg 500w, https:\/\/www.elsindical.com.ar\/notas\/var\/www\/html\/notas\/wp-content\/uploads\/2013\/10\/Francesca-Caporossi.jpg 531w\" sizes=\"auto, (max-width: 300px) 100vw, 300px\" \/><\/a>Tiene un a\u00f1o y medio y est\u00e1 desaparecida desde esta ma\u00f1ana. Fue vista por \u00fatlima vez en su casa\u00a0 de esa localidad del norte de la provincia de Buenos Aires, donde los vecinos aseguraron que vieron una camioneta estacionada.<\/em><\/p>\n<p>Se llama <b>Francesca Caporossi <\/b>y la \u00faltima vez que se la vio fue en su\u00a0 domicilio de Santiago H. P\u00e9rez al 500 de Arrecifes. Tiene cabello claro, vest\u00eda un buzo de color rosa y calzado del mismo color, con un pantal\u00f3n jogging blanco con motivos en colores.<\/p>\n<div>La Direcci\u00f3n de Protecci\u00f3n Ciudadana del Gobierno de Arrecifes y la polic\u00eda local solicitaron a toda la comunidad la colaboraci\u00f3n en la\u00a0 b\u00fasqueda de la peque\u00f1a, en la que se encuentra trabajando personal\u00a0 policial, de Bomberos Voluntarios y de Inspecci\u00f3n y Tr\u00e1nsito de esa\u00a0 municipalidad.<\/div>\n<p>Ante cualquier dato, comunicarse con la Comisar\u00eda de Arrecifes a los n\u00fameros <b>(02478) 452521 o (02478) 452559.<\/b><\/p>\n","protected":false},"excerpt":{"rendered":"<p>Tiene un a\u00f1o y medio y est\u00e1 desaparecida desde esta ma\u00f1ana. Fue vista por \u00fatlima vez en su casa\u00a0 de esa localidad del norte de la provincia de Buenos Aires, donde los vecinos aseguraron que vieron una camioneta estacionada. Se llama Francesca Caporossi y la \u00faltima vez que se la vio fue en su\u00a0 domicilio&hellip;<\/p>\n","protected":false},"author":1,"featured_media":0,"comment_status":"open","ping_status":"open","sticky":false,"template":"","format":"standard","meta":{"footnotes":""},"categories":[22],"tags":[5641,17279],"class_list":["post-38475","post","type-post","status-publish","format-standard","hentry","category-policiales","tag-arrecifes","tag-franceca-caporossi"],"_links":{"self":[{"href":"https:\/\/www.elsindical.com.ar\/notas\/wp-json\/wp\/v2\/posts\/38475","targetHints":{"allow":["GET"]}}],"collection":[{"href":"https:\/\/www.elsindical.com.ar\/notas\/wp-json\/wp\/v2\/posts"}],"about":[{"href":"https:\/\/www.elsindical.com.ar\/notas\/wp-json\/wp\/v2\/types\/post"}],"author":[{"embeddable":true,"href":"https:\/\/www.elsindical.com.ar\/notas\/wp-json\/wp\/v2\/users\/1"}],"replies":[{"embeddable":true,"href":"https:\/\/www.elsindical.com.ar\/notas\/wp-json\/wp\/v2\/comments?post=38475"}],"version-history":[{"count":1,"href":"https:\/\/www.elsindical.com.ar\/notas\/wp-json\/wp\/v2\/posts\/38475\/revisions"}],"predecessor-version":[{"id":38477,"href":"https:\/\/www.elsindical.com.ar\/notas\/wp-json\/wp\/v2\/posts\/38475\/revisions\/38477"}],"wp:attachment":[{"href":"https:\/\/www.elsindical.com.ar\/notas\/wp-json\/wp\/v2\/media?parent=38475"}],"wp:term":[{"taxonomy":"category","embeddable":true,"href":"https:\/\/www.elsindical.com.ar\/notas\/wp-json\/wp\/v2\/categories?post=38475"},{"taxonomy":"post_tag","embeddable":true,"href":"https:\/\/www.elsindical.com.ar\/notas\/wp-json\/wp\/v2\/tags?post=38475"}],"curies":[{"name":"wp","href":"https:\/\/api.w.org\/{rel}","templated":true}]}}