{"id":38398,"date":"2013-10-25T10:29:41","date_gmt":"2013-10-25T13:29:41","guid":{"rendered":"http:\/\/www.elsindical.com.ar\/notas\/?p=38398"},"modified":"2013-10-25T10:29:41","modified_gmt":"2013-10-25T13:29:41","slug":"florestajefe-narco-detenido-amenazo-con-volver-y-matar-a-todos","status":"publish","type":"post","link":"https:\/\/www.elsindical.com.ar\/notas\/florestajefe-narco-detenido-amenazo-con-volver-y-matar-a-todos\/","title":{"rendered":"Floresta:Jefe narco detenido amenaz\u00f3 con volver y matar a todos"},"content":{"rendered":"<p><em><a href=\"http:\/\/www.elsindical.com.ar\/notas\/var\/www\/html\/notas\/wp-content\/uploads\/2013\/10\/peruano-amenazador.jpg\"><img loading=\"lazy\" decoding=\"async\" class=\"alignnone size-medium wp-image-38399\" alt=\"peruano-amenazador\" src=\"http:\/\/www.elsindical.com.ar\/notas\/var\/www\/html\/notas\/wp-content\/uploads\/2013\/10\/peruano-amenazador-300x193.jpg\" width=\"300\" height=\"193\" srcset=\"https:\/\/www.elsindical.com.ar\/notas\/var\/www\/html\/notas\/wp-content\/uploads\/2013\/10\/peruano-amenazador-300x193.jpg 300w, https:\/\/www.elsindical.com.ar\/notas\/var\/www\/html\/notas\/wp-content\/uploads\/2013\/10\/peruano-amenazador-464x300.jpg 464w, https:\/\/www.elsindical.com.ar\/notas\/var\/www\/html\/notas\/wp-content\/uploads\/2013\/10\/peruano-amenazador.jpg 531w\" sizes=\"auto, (max-width: 300px) 100vw, 300px\" \/><\/a>\u00abVoy a volver y los voy a matar a todos\u00bb, dispar\u00f3 el peruano al ser detenido por la polic\u00eda en Floresta. Los vecinos denunciaron el delivery permanente de droga y el hombre prometi\u00f3 venganza.<\/em><\/p>\n<p><i>Voy a volver y los voy a matar a todos\u201d<\/i>, anunci\u00f3 uno de los jefes narcos al momento de ser trasladado por la polic\u00eda, ante la mirada de los vecinos del barrio que lo hab\u00edan denunciado. El hombre, junto a nueve c\u00f3mplices, fue detenido en la ma\u00f1ana de ayer en un \u201caguantadero\u201d del barrio porte\u00f1o de Floresta, desde donde los sujetos traficaban coca\u00edna, paco y marihuana.<\/p>\n<p>Fueron los vecinos del barrio quienes hace varias semanas llamaron a la polic\u00eda anunciando que desde esa vivienda, situada en Lacarra al 100, sal\u00edan personas que vend\u00edan estupefacientes.<\/p>\n<p><span style=\"text-decoration: underline;\"><b>DELIVERY <\/b><\/span><\/p>\n<p>Luego de una intensa investigaci\u00f3n, los especialistas de Drogas Peligrosas de la Polic\u00eda Federal comprobaron los dichos de los denunciantes y establecieron que la banda se dedicaba a vender la droga al menudeo en las inmediaciones, bajo la modalidad \u201cdelivery\u201d.<\/p>\n<p><span style=\"text-decoration: underline;\"><b>M\u00c1S ALLANAMIENTOS<\/b><\/span><\/p>\n<p>Con todas las pruebas obtenidas, los polic\u00edas, a cargo del Comisario Inspector \u00a0<b>N\u00e9stor Roncaglia<\/b>, concretaron un allanamiento en el domicilio se\u00f1alado y en otros puntos de la Capital Federal y lograron desbaratar a la organizaci\u00f3n de narcotraficantes, con la detenci\u00f3n de los 10 acusados. Adem\u00e1s de Lacarra al 100, las otras casas allanadas fueron las ubicadas en Guardia Vieja 4359, Viel al 1800 y Las Mar\u00edas al 6000, de la localidad bonaerense de Jos\u00e9 C. Paz.<\/p>\n<p>En el operativo de Floresta, los agentes encontraron unos 600 gramos de coca\u00edna de m\u00e1xima pureza, los cuales iban a ser \u201cestirados\u201d por los narcos a unos 4 kilos de esa droga. Adem\u00e1s, hallaron 200 dosis de paco y marihuana.<\/p>\n<p><span style=\"text-decoration: underline;\"><b>LA PERUANA<\/b><\/span><\/p>\n<p>Seg\u00fan trascendi\u00f3, entre los arrestados se encuentra \u201c<i>Norma<\/i>\u201d, una ciudadana peruana que ten\u00eda pedido de captura internacional y era la jefa de la banda. Adem\u00e1s, hab\u00eda un travesti, quien simulando ofrecer sexo en la v\u00eda p\u00fablica vend\u00eda la droga a sus clientes. Por su parte, el hombre que al momento de ser arrestado por la polic\u00eda amenaz\u00f3 a los vecinos a los gritos, se trata de un sujeto, tambi\u00e9n peruano, que ya hab\u00eda cumplido una condena de 10 a\u00f1os de prisi\u00f3n por \u201chomicidio\u201d.<\/p>\n<p><span style=\"text-decoration: underline;\"><b>LOS VECINOS<\/b><\/span><\/p>\n<p>El dato de color lo dieron los vecinos de la casa allanada, la cual hab\u00eda sido tomada ilegalmente por los \u201cnarcos\u201d. Es que en plena detenci\u00f3n de los acusados comenzaron a aplaudir el accionar de la polic\u00eda, festejando as\u00ed el fin de una organizaci\u00f3n de delincuentes que desde hac\u00eda bastante tiempo atemorizaba e indignaba a los habitantes del barrio.<\/p>\n","protected":false},"excerpt":{"rendered":"<p>\u00abVoy a volver y los voy a matar a todos\u00bb, dispar\u00f3 el peruano al ser detenido por la polic\u00eda en Floresta. Los vecinos denunciaron el delivery permanente de droga y el hombre prometi\u00f3 venganza. Voy a volver y los voy a matar a todos\u201d, anunci\u00f3 uno de los jefes narcos al momento de ser trasladado&hellip;<\/p>\n","protected":false},"author":1,"featured_media":0,"comment_status":"open","ping_status":"open","sticky":false,"template":"","format":"standard","meta":{"footnotes":""},"categories":[22],"tags":[331,22020,382,1848,650,2616,502,986],"class_list":["post-38398","post","type-post","status-publish","format-standard","hentry","category-policiales","tag-amenazas","tag-denuncias","tag-drogas","tag-floresta","tag-narcos","tag-peruanos","tag-policia-federal-argentina","tag-vecinos"],"_links":{"self":[{"href":"https:\/\/www.elsindical.com.ar\/notas\/wp-json\/wp\/v2\/posts\/38398","targetHints":{"allow":["GET"]}}],"collection":[{"href":"https:\/\/www.elsindical.com.ar\/notas\/wp-json\/wp\/v2\/posts"}],"about":[{"href":"https:\/\/www.elsindical.com.ar\/notas\/wp-json\/wp\/v2\/types\/post"}],"author":[{"embeddable":true,"href":"https:\/\/www.elsindical.com.ar\/notas\/wp-json\/wp\/v2\/users\/1"}],"replies":[{"embeddable":true,"href":"https:\/\/www.elsindical.com.ar\/notas\/wp-json\/wp\/v2\/comments?post=38398"}],"version-history":[{"count":1,"href":"https:\/\/www.elsindical.com.ar\/notas\/wp-json\/wp\/v2\/posts\/38398\/revisions"}],"predecessor-version":[{"id":38400,"href":"https:\/\/www.elsindical.com.ar\/notas\/wp-json\/wp\/v2\/posts\/38398\/revisions\/38400"}],"wp:attachment":[{"href":"https:\/\/www.elsindical.com.ar\/notas\/wp-json\/wp\/v2\/media?parent=38398"}],"wp:term":[{"taxonomy":"category","embeddable":true,"href":"https:\/\/www.elsindical.com.ar\/notas\/wp-json\/wp\/v2\/categories?post=38398"},{"taxonomy":"post_tag","embeddable":true,"href":"https:\/\/www.elsindical.com.ar\/notas\/wp-json\/wp\/v2\/tags?post=38398"}],"curies":[{"name":"wp","href":"https:\/\/api.w.org\/{rel}","templated":true}]}}