{"id":38377,"date":"2013-10-24T17:10:09","date_gmt":"2013-10-24T20:10:09","guid":{"rendered":"http:\/\/www.elsindical.com.ar\/notas\/?p=38377"},"modified":"2013-10-24T17:10:09","modified_gmt":"2013-10-24T20:10:09","slug":"gerlimagdalena-ferraresi-visito-dos-jardines-de-infantes-municipales","status":"publish","type":"post","link":"https:\/\/www.elsindical.com.ar\/notas\/gerlimagdalena-ferraresi-visito-dos-jardines-de-infantes-municipales\/","title":{"rendered":"Gerli:Magdalena Ferraresi visit\u00f3 dos Jardines de Infantes Municipales"},"content":{"rendered":"<p><em><a href=\"http:\/\/www.elsindical.com.ar\/notas\/var\/www\/html\/notas\/wp-content\/uploads\/2013\/10\/2013-10-24_10-06-27_986.jpg\"><img loading=\"lazy\" decoding=\"async\" class=\"alignnone size-medium wp-image-38378\" alt=\"2013-10-24_10-06-27_986\" src=\"http:\/\/www.elsindical.com.ar\/notas\/var\/www\/html\/notas\/wp-content\/uploads\/2013\/10\/2013-10-24_10-06-27_986-300x196.jpg\" width=\"300\" height=\"196\" srcset=\"https:\/\/www.elsindical.com.ar\/notas\/var\/www\/html\/notas\/wp-content\/uploads\/2013\/10\/2013-10-24_10-06-27_986-300x196.jpg 300w, https:\/\/www.elsindical.com.ar\/notas\/var\/www\/html\/notas\/wp-content\/uploads\/2013\/10\/2013-10-24_10-06-27_986-457x300.jpg 457w, https:\/\/www.elsindical.com.ar\/notas\/var\/www\/html\/notas\/wp-content\/uploads\/2013\/10\/2013-10-24_10-06-27_986.jpg 620w\" sizes=\"auto, (max-width: 300px) 100vw, 300px\" \/><\/a>La primera candidata a concejal por el Frente para la Victoria de Avellaneda, Arq. Magdalena Ferraresi visit\u00f3 esta ma\u00f1ana dos Jardines de Infantes Municipales, en donde se reuni\u00f3 con su plantel directivo y gran parte de su comunidad educativa.<\/em><\/p>\n<p>El primer encuentro fue en el Jard\u00edn N\u00ba 8, ubicado en Helguera 1570, de Gerli, y luego en el N\u00ba 7, ubicado en Larralde y Gral. Paz, de la misma localidad.<\/p>\n<p>Cabe destacar que en ambos jardines est\u00e1 previsto que durante el ciclo lectivo 2014 se agregue una nueva sala para ni\u00f1os de 5 a\u00f1os, con lo cual, las dos instituciones tendr\u00e1n completos su ciclo de educaci\u00f3n inicial.<\/p>\n<p><a href=\"http:\/\/www.elsindical.com.ar\/notas\/var\/www\/html\/notas\/wp-content\/uploads\/2013\/10\/2013-10-24_09-30-34_802.jpg\"><img loading=\"lazy\" decoding=\"async\" class=\"alignnone size-medium wp-image-38379\" alt=\"2013-10-24_09-30-34_802\" src=\"http:\/\/www.elsindical.com.ar\/notas\/var\/www\/html\/notas\/wp-content\/uploads\/2013\/10\/2013-10-24_09-30-34_802-300x190.jpg\" width=\"300\" height=\"190\" srcset=\"https:\/\/www.elsindical.com.ar\/notas\/var\/www\/html\/notas\/wp-content\/uploads\/2013\/10\/2013-10-24_09-30-34_802-300x190.jpg 300w, https:\/\/www.elsindical.com.ar\/notas\/var\/www\/html\/notas\/wp-content\/uploads\/2013\/10\/2013-10-24_09-30-34_802-473x300.jpg 473w, https:\/\/www.elsindical.com.ar\/notas\/var\/www\/html\/notas\/wp-content\/uploads\/2013\/10\/2013-10-24_09-30-34_802.jpg 620w\" sizes=\"auto, (max-width: 300px) 100vw, 300px\" \/><\/a><\/p>\n","protected":false},"excerpt":{"rendered":"<p>La primera candidata a concejal por el Frente para la Victoria de Avellaneda, Arq. Magdalena Ferraresi visit\u00f3 esta ma\u00f1ana dos Jardines de Infantes Municipales, en donde se reuni\u00f3 con su plantel directivo y gran parte de su comunidad educativa. El primer encuentro fue en el Jard\u00edn N\u00ba 8, ubicado en Helguera 1570, de Gerli, y&hellip;<\/p>\n","protected":false},"author":1,"featured_media":0,"comment_status":"open","ping_status":"open","sticky":false,"template":"","format":"standard","meta":{"footnotes":""},"categories":[13],"tags":[461,6495,4888,1662,4111,17153],"class_list":["post-38377","post","type-post","status-publish","format-standard","hentry","category-politica","tag-avellaneda","tag-candidata","tag-concejal","tag-gerli","tag-jardin","tag-magdalena-ferraresi"],"_links":{"self":[{"href":"https:\/\/www.elsindical.com.ar\/notas\/wp-json\/wp\/v2\/posts\/38377","targetHints":{"allow":["GET"]}}],"collection":[{"href":"https:\/\/www.elsindical.com.ar\/notas\/wp-json\/wp\/v2\/posts"}],"about":[{"href":"https:\/\/www.elsindical.com.ar\/notas\/wp-json\/wp\/v2\/types\/post"}],"author":[{"embeddable":true,"href":"https:\/\/www.elsindical.com.ar\/notas\/wp-json\/wp\/v2\/users\/1"}],"replies":[{"embeddable":true,"href":"https:\/\/www.elsindical.com.ar\/notas\/wp-json\/wp\/v2\/comments?post=38377"}],"version-history":[{"count":1,"href":"https:\/\/www.elsindical.com.ar\/notas\/wp-json\/wp\/v2\/posts\/38377\/revisions"}],"predecessor-version":[{"id":38380,"href":"https:\/\/www.elsindical.com.ar\/notas\/wp-json\/wp\/v2\/posts\/38377\/revisions\/38380"}],"wp:attachment":[{"href":"https:\/\/www.elsindical.com.ar\/notas\/wp-json\/wp\/v2\/media?parent=38377"}],"wp:term":[{"taxonomy":"category","embeddable":true,"href":"https:\/\/www.elsindical.com.ar\/notas\/wp-json\/wp\/v2\/categories?post=38377"},{"taxonomy":"post_tag","embeddable":true,"href":"https:\/\/www.elsindical.com.ar\/notas\/wp-json\/wp\/v2\/tags?post=38377"}],"curies":[{"name":"wp","href":"https:\/\/api.w.org\/{rel}","templated":true}]}}