{"id":38364,"date":"2013-10-24T10:19:46","date_gmt":"2013-10-24T13:19:46","guid":{"rendered":"http:\/\/www.elsindical.com.ar\/notas\/?p=38364"},"modified":"2013-10-24T10:19:46","modified_gmt":"2013-10-24T13:19:46","slug":"ituzaingodetenido-armado-con-una-faca-causo-revuelo-en-una-fiscalia","status":"publish","type":"post","link":"https:\/\/www.elsindical.com.ar\/notas\/ituzaingodetenido-armado-con-una-faca-causo-revuelo-en-una-fiscalia\/","title":{"rendered":"Ituzaing\u00f3:Detenido armado con una faca caus\u00f3 revuelo en una Fiscal\u00eda"},"content":{"rendered":"<p><em><a href=\"http:\/\/www.elsindical.com.ar\/notas\/var\/www\/html\/notas\/wp-content\/uploads\/2013\/10\/desarme-de-faca.jpg\"><img loading=\"lazy\" decoding=\"async\" class=\"alignnone size-medium wp-image-38365\" alt=\"desarme-de-faca\" src=\"http:\/\/www.elsindical.com.ar\/notas\/var\/www\/html\/notas\/wp-content\/uploads\/2013\/10\/desarme-de-faca-300x232.jpg\" width=\"300\" height=\"232\" srcset=\"https:\/\/www.elsindical.com.ar\/notas\/var\/www\/html\/notas\/wp-content\/uploads\/2013\/10\/desarme-de-faca-300x232.jpg 300w, https:\/\/www.elsindical.com.ar\/notas\/var\/www\/html\/notas\/wp-content\/uploads\/2013\/10\/desarme-de-faca-387x300.jpg 387w, https:\/\/www.elsindical.com.ar\/notas\/var\/www\/html\/notas\/wp-content\/uploads\/2013\/10\/desarme-de-faca.jpg 413w\" sizes=\"auto, (max-width: 300px) 100vw, 300px\" \/><\/a>Daniel Carduz fue llevado a la fiscal\u00eda del distrito de Ituzaing\u00f3 para ser notificado de otros hechos delictivos, que se les suman a los que provocaron su detenci\u00f3n. \u201cMe voy a la mierda\u201d, dijo antes de sacar la faca y atacar.<\/em><\/p>\n<p><b>Daniel Carduz tiene 30 a\u00f1os <\/b>y estaba detenido desde\u00a0 principios de mes por dos robos con uso de armas en Ituzaing\u00f3. En estas semanas,\u00a0 se descubri\u00f3 que particip\u00f3 de otros cuatro hechos similares. Ayer fue llevado a\u00a0 la fiscal\u00eda del distrito para notificarle que ser\u00eda imputado por los seis\u00a0 delitos, pero se enoj\u00f3. <b>\u00abMe voy a la mierda\u00bb,<\/b> dijo delante de la fiscal, el\u00a0 defensor oficial y un polic\u00eda de custodia, mientras sac\u00f3 una faca de 10\u00a0 cent\u00edmetros y amenaz\u00f3 con matar a todos. Tras herir con cortes y golpear a los\u00a0 efectivos, el sujeto fue reducido por un empleado judicial con una toma de artes\u00a0 marciales.<\/p>\n<p>Fuentes judiciales contaron detalles del\u00a0 esc\u00e1ndalo, ocurrido en la Unidad Fiscal de Instrucci\u00f3n 2 de <b>Ituzaing\u00f3,<\/b> a cargo\u00a0 de Natalia Narmona Luppi, que ayer notificaba al detenido Carduz por otros\u00a0 cuatro hechos de robos con abuso de armas de fuego, que se sumaban a otros dos\u00a0 casos similares, por los cuales se encontraba alojado en la comisar\u00eda primera\u00a0 del distrito.<\/p>\n<p>Carduz fue trasladado desde la seccional por dos efectivos\u00a0 de la Divisi\u00f3n de Custodia y Traslados, dependiente del Ministerio de Seguridad\u00a0 bonaerense. Uno de los efectivos se qued\u00f3 en el despacho de la Fiscal Narmona\u00a0 Luppi, junto a una secretaria y el defensor oficial del imputado. En ese marco,\u00a0 comenzaron a explicarle que el expediente se hab\u00eda modificado al obtener datos\u00a0 precisos sobre los otros cuatro delitos contra la propiedad con violencia y\u00a0 utilizaci\u00f3n de armas en los que est\u00e1 sospechado.<\/p>\n<p>\u00abMe voy a la mierda\u00bb, fueron\u00a0 las palabras de Carduz, que para sorpresa de todos se levant\u00f3 de la silla y sac\u00f3\u00a0 de la manga de su camisa una faca de 10 cent\u00edmetros de hoja. L<b>os funcionarios de\u00a0 la Fiscal\u00eda trataron de protegerse como pudieron<\/b>, mientras el delincuente tom\u00f3\u00a0 de reh\u00e9n al polic\u00eda rode\u00e1ndole el cuello con un brazo, mientras con el otro\u00a0 bland\u00eda la faca de forma amenazante. Todo el episodio, de extrema violencia, se\u00a0 extendi\u00f3 por interminables 20 minutos, con un saldo de un efectivo con heridas\u00a0 cortantes, una mujer polic\u00eda golpeada y otro efectivo con raspones, m\u00e1s el\u00a0 horror y miedo de los funcionarios. En el medio del desastre, un bombero de\u00a0 Ituzaing\u00f3 que se encontraba declarando en la fiscal\u00eda conjunta llam\u00f3 a la\u00a0 central para que manden m\u00e1s polic\u00edas.<\/p>\n<p>Pero todo termin\u00f3 cuando un empleado\u00a0 judicial logr\u00f3 reducir al delincuente cuando aplic\u00f3 una t\u00e9cnica de artes\u00a0 marciales, dobl\u00e1ndole el brazo.<\/p>\n","protected":false},"excerpt":{"rendered":"<p>Daniel Carduz fue llevado a la fiscal\u00eda del distrito de Ituzaing\u00f3 para ser notificado de otros hechos delictivos, que se les suman a los que provocaron su detenci\u00f3n. \u201cMe voy a la mierda\u201d, dijo antes de sacar la faca y atacar. Daniel Carduz tiene 30 a\u00f1os y estaba detenido desde\u00a0 principios de mes por dos&hellip;<\/p>\n","protected":false},"author":1,"featured_media":0,"comment_status":"open","ping_status":"open","sticky":false,"template":"","format":"standard","meta":{"footnotes":""},"categories":[22],"tags":[17252,8112,17251,938,118,1544,11543],"class_list":["post-38364","post","type-post","status-publish","format-standard","hentry","category-policiales","tag-daniel-carduz","tag-faca","tag-fiscal-natalia-narmona-luppi","tag-ituzaingo","tag-policias","tag-spb","tag-ufi-2"],"_links":{"self":[{"href":"https:\/\/www.elsindical.com.ar\/notas\/wp-json\/wp\/v2\/posts\/38364","targetHints":{"allow":["GET"]}}],"collection":[{"href":"https:\/\/www.elsindical.com.ar\/notas\/wp-json\/wp\/v2\/posts"}],"about":[{"href":"https:\/\/www.elsindical.com.ar\/notas\/wp-json\/wp\/v2\/types\/post"}],"author":[{"embeddable":true,"href":"https:\/\/www.elsindical.com.ar\/notas\/wp-json\/wp\/v2\/users\/1"}],"replies":[{"embeddable":true,"href":"https:\/\/www.elsindical.com.ar\/notas\/wp-json\/wp\/v2\/comments?post=38364"}],"version-history":[{"count":1,"href":"https:\/\/www.elsindical.com.ar\/notas\/wp-json\/wp\/v2\/posts\/38364\/revisions"}],"predecessor-version":[{"id":38366,"href":"https:\/\/www.elsindical.com.ar\/notas\/wp-json\/wp\/v2\/posts\/38364\/revisions\/38366"}],"wp:attachment":[{"href":"https:\/\/www.elsindical.com.ar\/notas\/wp-json\/wp\/v2\/media?parent=38364"}],"wp:term":[{"taxonomy":"category","embeddable":true,"href":"https:\/\/www.elsindical.com.ar\/notas\/wp-json\/wp\/v2\/categories?post=38364"},{"taxonomy":"post_tag","embeddable":true,"href":"https:\/\/www.elsindical.com.ar\/notas\/wp-json\/wp\/v2\/tags?post=38364"}],"curies":[{"name":"wp","href":"https:\/\/api.w.org\/{rel}","templated":true}]}}