{"id":38351,"date":"2013-10-23T20:09:27","date_gmt":"2013-10-23T23:09:27","guid":{"rendered":"http:\/\/www.elsindical.com.ar\/notas\/?p=38351"},"modified":"2013-10-23T20:09:27","modified_gmt":"2013-10-23T23:09:27","slug":"se-lanza-la-segunda-edicion-del-concurso-arde-rock","status":"publish","type":"post","link":"https:\/\/www.elsindical.com.ar\/notas\/se-lanza-la-segunda-edicion-del-concurso-arde-rock\/","title":{"rendered":"Se lanza la segunda edici\u00f3n del concurso \u201cArde Rock\u201d"},"content":{"rendered":"<p><em><a href=\"http:\/\/www.elsindical.com.ar\/notas\/var\/www\/html\/notas\/wp-content\/uploads\/2013\/10\/arderock.jpg\"><img loading=\"lazy\" decoding=\"async\" class=\"alignnone size-medium wp-image-38352\" alt=\"arderock\" src=\"http:\/\/www.elsindical.com.ar\/notas\/var\/www\/html\/notas\/wp-content\/uploads\/2013\/10\/arderock-194x300.jpg\" width=\"194\" height=\"300\" srcset=\"https:\/\/www.elsindical.com.ar\/notas\/var\/www\/html\/notas\/wp-content\/uploads\/2013\/10\/arderock-194x300.jpg 194w, https:\/\/www.elsindical.com.ar\/notas\/var\/www\/html\/notas\/wp-content\/uploads\/2013\/10\/arderock.jpg 207w\" sizes=\"auto, (max-width: 194px) 100vw, 194px\" \/><\/a>El lanzamiento es a las 21:00 hs.\u00a0en la Casa del Bicentenario, Col\u00f3n al 400, con entrada libre y gratuita. Tocar\u00e1n las bandas ganadoras de la edici\u00f3n anterior: Almangel, Baires Reach, Balas Perdidas, Blue Set, Cielo Infierno, Desgraciados, La Turca, Lughnasadh La Force, Polaris, Revolver, Rockas Viejas y Timalas.<\/em><\/p>\n<p>El Municipio de Avellaneda lanza hoy a las 21:00 hs.\u00a0la segunda edici\u00f3n del concurso de bandas locales \u201cArde Rock\u201d en la Casa del Bicentenario, ubicada en Col\u00f3n al 400.<\/p>\n<p>En este marco, se presentar\u00e1 el CD y tocar\u00e1n los grupos ganadores de la primera edici\u00f3n. Las bandas son: Almangel, Baires Reach, Balas Perdidas, Blue Set, Cielo Infierno, Desgraciados, La Turca, Lughnasadh La Force, Polaris, Revolver, Rockas Viejas y Timalas.<\/p>\n<p>Por otro lado, el viernes las 18:00 hs.\u00a0comenzar\u00e1 el concurso con los shows de Amas de Casa Rock, Anexo, Anta\u00f1o Rock, Bajo El Puente, Calabaza Cumpa, Capit\u00e1n Cactus y Almangel, en el auditorio R. Faur\u00e9, de avenida Hip\u00f3lito Yrigoyen 381.<\/p>\n<p>En todos los casos, la entrada es libre y gratuita.<\/p>\n<p>En \u201cArde Rock\u201d participan agrupaciones en las que al menos la mitad de sus integrantes son de Avellaneda. Las bandas inscriptas tocar\u00e1n en vivo en distintos lugares de la Ciudad y ser\u00e1n evaluadas por un jurado.<\/p>\n<p>Esta vez, el certamen abarca siete subg\u00e9neros: rock and roll, heavy metal, reggae, hardcore, hardrock, punk y m\u00fasica experimental.<\/p>\n","protected":false},"excerpt":{"rendered":"<p>El lanzamiento es a las 21:00 hs.\u00a0en la Casa del Bicentenario, Col\u00f3n al 400, con entrada libre y gratuita. Tocar\u00e1n las bandas ganadoras de la edici\u00f3n anterior: Almangel, Baires Reach, Balas Perdidas, Blue Set, Cielo Infierno, Desgraciados, La Turca, Lughnasadh La Force, Polaris, Revolver, Rockas Viejas y Timalas. El Municipio de Avellaneda lanza hoy a&hellip;<\/p>\n","protected":false},"author":1,"featured_media":0,"comment_status":"open","ping_status":"open","sticky":false,"template":"","format":"standard","meta":{"footnotes":""},"categories":[15],"tags":[461,17244],"class_list":["post-38351","post","type-post","status-publish","format-standard","hentry","category-espectaculos","tag-avellaneda","tag-casa-del-bicentenario"],"_links":{"self":[{"href":"https:\/\/www.elsindical.com.ar\/notas\/wp-json\/wp\/v2\/posts\/38351","targetHints":{"allow":["GET"]}}],"collection":[{"href":"https:\/\/www.elsindical.com.ar\/notas\/wp-json\/wp\/v2\/posts"}],"about":[{"href":"https:\/\/www.elsindical.com.ar\/notas\/wp-json\/wp\/v2\/types\/post"}],"author":[{"embeddable":true,"href":"https:\/\/www.elsindical.com.ar\/notas\/wp-json\/wp\/v2\/users\/1"}],"replies":[{"embeddable":true,"href":"https:\/\/www.elsindical.com.ar\/notas\/wp-json\/wp\/v2\/comments?post=38351"}],"version-history":[{"count":1,"href":"https:\/\/www.elsindical.com.ar\/notas\/wp-json\/wp\/v2\/posts\/38351\/revisions"}],"predecessor-version":[{"id":38353,"href":"https:\/\/www.elsindical.com.ar\/notas\/wp-json\/wp\/v2\/posts\/38351\/revisions\/38353"}],"wp:attachment":[{"href":"https:\/\/www.elsindical.com.ar\/notas\/wp-json\/wp\/v2\/media?parent=38351"}],"wp:term":[{"taxonomy":"category","embeddable":true,"href":"https:\/\/www.elsindical.com.ar\/notas\/wp-json\/wp\/v2\/categories?post=38351"},{"taxonomy":"post_tag","embeddable":true,"href":"https:\/\/www.elsindical.com.ar\/notas\/wp-json\/wp\/v2\/tags?post=38351"}],"curies":[{"name":"wp","href":"https:\/\/api.w.org\/{rel}","templated":true}]}}