{"id":38293,"date":"2013-10-21T21:30:06","date_gmt":"2013-10-22T00:30:06","guid":{"rendered":"http:\/\/www.elsindical.com.ar\/notas\/?p=38293"},"modified":"2013-10-21T21:30:06","modified_gmt":"2013-10-22T00:30:06","slug":"el-intendente-y-magdalena-ferraresi-siguen-reuniendose-con-vecinos-de-la-ciudad","status":"publish","type":"post","link":"https:\/\/www.elsindical.com.ar\/notas\/el-intendente-y-magdalena-ferraresi-siguen-reuniendose-con-vecinos-de-la-ciudad\/","title":{"rendered":"El Intendente y Magdalena Ferraresi siguen reuni\u00e9ndose con vecinos de la ciudad"},"content":{"rendered":"<p><em><a href=\"http:\/\/www.elsindical.com.ar\/notas\/var\/www\/html\/notas\/wp-content\/uploads\/2013\/10\/IMG_8875.jpg\"><img loading=\"lazy\" decoding=\"async\" class=\"alignnone size-medium wp-image-38295\" alt=\"IMG_8875\" src=\"http:\/\/www.elsindical.com.ar\/notas\/var\/www\/html\/notas\/wp-content\/uploads\/2013\/10\/IMG_8875-300x205.jpg\" width=\"300\" height=\"205\" srcset=\"https:\/\/www.elsindical.com.ar\/notas\/var\/www\/html\/notas\/wp-content\/uploads\/2013\/10\/IMG_8875-300x205.jpg 300w, https:\/\/www.elsindical.com.ar\/notas\/var\/www\/html\/notas\/wp-content\/uploads\/2013\/10\/IMG_8875-437x300.jpg 437w, https:\/\/www.elsindical.com.ar\/notas\/var\/www\/html\/notas\/wp-content\/uploads\/2013\/10\/IMG_8875.jpg 620w\" sizes=\"auto, (max-width: 300px) 100vw, 300px\" \/><\/a>Esta vez los encuentros se llevaron a cabo en las localidades de Villa Dom\u00ednico y Wilde.<b>\u00a0<\/b><\/em><\/p>\n<p>El Intendente de Avellaneda, Ing. Jorge Ferraresi particip\u00f3 este s\u00e1bado 19 de octubre de la jornada de integraci\u00f3n barrial que se realiz\u00f3 en la calle Merlo entre Obarrio y Beazley, de Villa Dom\u00ednico.<\/p>\n<p>En dicho encuentro el Jefe Comunal y la candidata a primer concejal por el Frente Para la Victoria, Magdalena Ferraresi, recorrieron las calles junto a los vecinos de la zona, escuchando sus inquietudes y all\u00ed el jefe comunal expres\u00f3: \u00abtodas estas actividades tienen que ver con un cambio cultural en los barrios, y eso les pido que sigan defendi\u00e9ndolo el 27 de octubre, en el cuarto oscuro\u00bb.<\/p>\n<p>Vale destacar que esta jornada fue organizada por diferentes organizaciones barriales e instituciones de la zona, y en la misma hubo juegos y entretenimientos para los mas chicos, espect\u00e1culos musicales y puestos de venta de alimentos a precios populares.<\/p>\n<p>Previamente el intendente y Magdalena Ferraresi se hab\u00eda reunido con vecinos de Wilde, mas precisamente en la flamante plaza \u00abBonanza\u00bb de Villa Azul, en la Av. Ram\u00f3n Franco y Lincoln, en donde tambi\u00e9n dialogaron con las decenas de vecinos presentes.<\/p>\n<p><a href=\"http:\/\/www.elsindical.com.ar\/notas\/var\/www\/html\/notas\/wp-content\/uploads\/2013\/10\/IMG_8641.jpg\"><img loading=\"lazy\" decoding=\"async\" class=\"alignnone size-medium wp-image-38296\" alt=\"IMG_8641\" src=\"http:\/\/www.elsindical.com.ar\/notas\/var\/www\/html\/notas\/wp-content\/uploads\/2013\/10\/IMG_8641-300x186.jpg\" width=\"300\" height=\"186\" srcset=\"https:\/\/www.elsindical.com.ar\/notas\/var\/www\/html\/notas\/wp-content\/uploads\/2013\/10\/IMG_8641-300x186.jpg 300w, https:\/\/www.elsindical.com.ar\/notas\/var\/www\/html\/notas\/wp-content\/uploads\/2013\/10\/IMG_8641-481x300.jpg 481w, https:\/\/www.elsindical.com.ar\/notas\/var\/www\/html\/notas\/wp-content\/uploads\/2013\/10\/IMG_8641.jpg 620w\" sizes=\"auto, (max-width: 300px) 100vw, 300px\" \/><\/a><\/p>\n","protected":false},"excerpt":{"rendered":"<p>Esta vez los encuentros se llevaron a cabo en las localidades de Villa Dom\u00ednico y Wilde.\u00a0 El Intendente de Avellaneda, Ing. Jorge Ferraresi particip\u00f3 este s\u00e1bado 19 de octubre de la jornada de integraci\u00f3n barrial que se realiz\u00f3 en la calle Merlo entre Obarrio y Beazley, de Villa Dom\u00ednico. En dicho encuentro el Jefe Comunal&hellip;<\/p>\n","protected":false},"author":1,"featured_media":0,"comment_status":"open","ping_status":"open","sticky":false,"template":"","format":"standard","meta":{"footnotes":""},"categories":[13],"tags":[7645,1062,17153,2372,882],"class_list":["post-38293","post","type-post","status-publish","format-standard","hentry","category-politica","tag-frente-para-la-victoria","tag-jorge-ferraresi","tag-magdalena-ferraresi","tag-villa-dominico","tag-wilde"],"_links":{"self":[{"href":"https:\/\/www.elsindical.com.ar\/notas\/wp-json\/wp\/v2\/posts\/38293","targetHints":{"allow":["GET"]}}],"collection":[{"href":"https:\/\/www.elsindical.com.ar\/notas\/wp-json\/wp\/v2\/posts"}],"about":[{"href":"https:\/\/www.elsindical.com.ar\/notas\/wp-json\/wp\/v2\/types\/post"}],"author":[{"embeddable":true,"href":"https:\/\/www.elsindical.com.ar\/notas\/wp-json\/wp\/v2\/users\/1"}],"replies":[{"embeddable":true,"href":"https:\/\/www.elsindical.com.ar\/notas\/wp-json\/wp\/v2\/comments?post=38293"}],"version-history":[{"count":2,"href":"https:\/\/www.elsindical.com.ar\/notas\/wp-json\/wp\/v2\/posts\/38293\/revisions"}],"predecessor-version":[{"id":38297,"href":"https:\/\/www.elsindical.com.ar\/notas\/wp-json\/wp\/v2\/posts\/38293\/revisions\/38297"}],"wp:attachment":[{"href":"https:\/\/www.elsindical.com.ar\/notas\/wp-json\/wp\/v2\/media?parent=38293"}],"wp:term":[{"taxonomy":"category","embeddable":true,"href":"https:\/\/www.elsindical.com.ar\/notas\/wp-json\/wp\/v2\/categories?post=38293"},{"taxonomy":"post_tag","embeddable":true,"href":"https:\/\/www.elsindical.com.ar\/notas\/wp-json\/wp\/v2\/tags?post=38293"}],"curies":[{"name":"wp","href":"https:\/\/api.w.org\/{rel}","templated":true}]}}