{"id":38278,"date":"2013-10-21T00:18:42","date_gmt":"2013-10-21T03:18:42","guid":{"rendered":"http:\/\/www.elsindical.com.ar\/notas\/?p=38278"},"modified":"2013-10-21T00:18:42","modified_gmt":"2013-10-21T03:18:42","slug":"efemeridesdel-dia-21-de-octubre-4","status":"publish","type":"post","link":"https:\/\/www.elsindical.com.ar\/notas\/efemeridesdel-dia-21-de-octubre-4\/","title":{"rendered":"EFEM\u00c9RIDES:DEL D\u00cdA 21 DE OCTUBRE"},"content":{"rendered":"<p><a href=\"http:\/\/www.elsindical.com.ar\/notas\/var\/www\/html\/notas\/wp-content\/uploads\/2010\/06\/Fundaci\u00f3n-Nobel.jpg\"><img loading=\"lazy\" decoding=\"async\" class=\"alignnone size-full wp-image-7563\" alt=\"Fundaci\u00f3n-Nobel\" src=\"http:\/\/www.elsindical.com.ar\/notas\/var\/www\/html\/notas\/wp-content\/uploads\/2010\/06\/Fundaci\u00f3n-Nobel.jpg\" width=\"255\" height=\"155\" \/><\/a>En 21 de octubre pero de 1908, hace un siglo, nace Jorge de Oteiza, escultor, considerado uno de los pioneros de la escultura de tipo abstracto.<\/p>\n<p>1790- Nace Alphonse Lamartine, escritor franc\u00e9s.<\/p>\n<p>1805- Combate de Trafalgar, ganado por la escuadra inglesa a la formada por espa\u00f1oles y franceses.<\/p>\n<p>1820- Decreto del general San Mart\u00edn por el que se establecen la bandera y el escudo de Per\u00fa.<\/p>\n<p>1823- Nace Emilio Arrieta, compositor espa\u00f1ol.<\/p>\n<p>1833- Nace Alfred Nobel, inventor sueco.<\/p>\n<p>1861- N\u00e1poles y las Dos Sicilias, se incorporan a Italia por plebiscito.<\/p>\n<p>1865- El general Ram\u00f3n Men\u00e9ndez, mexicano al servicio del emperador Maximiliano, hace fusilar en Urnap\u00e1n a los generales republicanos Jos\u00e9 Mar\u00eda Arteaga y Carlos Salazar.<\/p>\n<p>1879- Thomas Alva Edison inventa la l\u00e1mpara el\u00e9ctrica que luci\u00f3 durante 48 horas ininterrumpidas.<\/p>\n<p>1911- Nace Juan de \u00c1valos, escultor y acad\u00e9mico espa\u00f1ol.<\/p>\n<p>1917- Nace Dizzy Gillespie, trompetista de jazz estadounidense.<\/p>\n<p>1919- Muere Daniel Bayona Posada, escritor colombiano.<\/p>\n<p>1920- Nace Celia Cruz, cantante estadounidense de origen cubano.<\/p>\n<p>1931- Nace Hugh Thomas, historiador y escritor brit\u00e1nico.<\/p>\n<p>1937- Roberto Ortiz, elegido presidente de la Rep\u00fablica Argentina.<\/p>\n<p>1941- Nace Humberto Calder\u00f3n Berti, ex ministro de Asuntos Exteriores de Venezuela.<\/p>\n<p>1945- Nace Nikita Mikhalkov, director sovi\u00e9tico de cine.<\/p>\n<p>1956- Derrocado por un golpe militar el presidente de Honduras, Julio Lozano D\u00edaz.<\/p>\n<p>1958- Nace Julio Medem, director espa\u00f1ol de cine.<\/p>\n<p>1969- Muere Jack Kerouac, escritor estadounidense.<\/p>\n<p>1976- El Partido Comunista chino acusa a la \u00abbanda de los cuatro\u00bb de intentar un golpe de Estado.<\/p>\n<p>1982- El escritor colombiano Gabriel Garc\u00eda M\u00e1rquez, Premio Nobel de Literatura.<\/p>\n<p>1984- Muere Francois Truffaut, cineasta franc\u00e9s.<\/p>\n<p>1989- Un Boeing 727-200, de la compa\u00f1\u00eda hondure\u00f1a Tan-Sasha, se estrella en una zona monta\u00f1osa al sur de Tegucigalpa y mueren 132 de los 146 pasajeros.<\/p>\n<p>1993- Golpe militar en Burundi, cuyo presidente, Melchior Ndadaye, el primero elegido democr\u00e1ticamente, es asesinado.<\/p>\n<p>1994- El primer ministro brit\u00e1nico, John Major, anuncia en Belfast la aceptaci\u00f3n del alto el fuego del IRA.<\/p>\n<p>1994- Un tribunal de arbitraje falla a favor de Argentina en su conflicto con Chile por 534 kil\u00f3metros de frontera.<\/p>\n<p>2002- Huelga general en Venezuela contra el presidente Hugo Ch\u00e1vez.<\/p>\n<p>2003- Naciones Unidas condena en una resoluci\u00f3n la construcci\u00f3n del muro que Israel erige en tierras palestinas de Cisjordania.<\/p>\n<p>2003- El Papa nombra a tres nuevos cardenales iberoamericanos, un mexicano, un guatemalteco y un brasile\u00f1o, con lo que la Iglesia pasa a tener 33 purpurados en la regi\u00f3n.<\/p>\n<p>2003- Muere Lu\u00eds A. Farre, ex Gobernador de Puerto Rico.<\/p>\n<p>2004- Rafael \u00c1ngel Calder\u00f3n se convierte en el segundo ex presidente de Costa Rica detenido en una semana por presunto cobro de comisiones ilegales.<\/p>\n<p>2004- Cuarenta y cuatro muertos, 36 desaparecidos y cerca de 300 heridos deja el tif\u00f3n \u00abTokage\u00bb a su paso por Jap\u00f3n.<\/p>\n","protected":false},"excerpt":{"rendered":"<p>En 21 de octubre pero de 1908, hace un siglo, nace Jorge de Oteiza, escultor, considerado uno de los pioneros de la escultura de tipo abstracto. 1790- Nace Alphonse Lamartine, escritor franc\u00e9s. 1805- Combate de Trafalgar, ganado por la escuadra inglesa a la formada por espa\u00f1oles y franceses. 1820- Decreto del general San Mart\u00edn por&hellip;<\/p>\n","protected":false},"author":1,"featured_media":0,"comment_status":"open","ping_status":"open","sticky":false,"template":"","format":"standard","meta":{"footnotes":""},"categories":[14],"tags":[],"class_list":["post-38278","post","type-post","status-publish","format-standard","hentry","category-efemerides"],"_links":{"self":[{"href":"https:\/\/www.elsindical.com.ar\/notas\/wp-json\/wp\/v2\/posts\/38278","targetHints":{"allow":["GET"]}}],"collection":[{"href":"https:\/\/www.elsindical.com.ar\/notas\/wp-json\/wp\/v2\/posts"}],"about":[{"href":"https:\/\/www.elsindical.com.ar\/notas\/wp-json\/wp\/v2\/types\/post"}],"author":[{"embeddable":true,"href":"https:\/\/www.elsindical.com.ar\/notas\/wp-json\/wp\/v2\/users\/1"}],"replies":[{"embeddable":true,"href":"https:\/\/www.elsindical.com.ar\/notas\/wp-json\/wp\/v2\/comments?post=38278"}],"version-history":[{"count":1,"href":"https:\/\/www.elsindical.com.ar\/notas\/wp-json\/wp\/v2\/posts\/38278\/revisions"}],"predecessor-version":[{"id":38279,"href":"https:\/\/www.elsindical.com.ar\/notas\/wp-json\/wp\/v2\/posts\/38278\/revisions\/38279"}],"wp:attachment":[{"href":"https:\/\/www.elsindical.com.ar\/notas\/wp-json\/wp\/v2\/media?parent=38278"}],"wp:term":[{"taxonomy":"category","embeddable":true,"href":"https:\/\/www.elsindical.com.ar\/notas\/wp-json\/wp\/v2\/categories?post=38278"},{"taxonomy":"post_tag","embeddable":true,"href":"https:\/\/www.elsindical.com.ar\/notas\/wp-json\/wp\/v2\/tags?post=38278"}],"curies":[{"name":"wp","href":"https:\/\/api.w.org\/{rel}","templated":true}]}}