{"id":38272,"date":"2013-10-20T22:56:08","date_gmt":"2013-10-21T01:56:08","guid":{"rendered":"http:\/\/www.elsindical.com.ar\/notas\/?p=38272"},"modified":"2013-10-20T22:56:08","modified_gmt":"2013-10-21T01:56:08","slug":"nomofobia-cibercondria-y-los-nuevos-males-causados-por-internet","status":"publish","type":"post","link":"https:\/\/www.elsindical.com.ar\/notas\/nomofobia-cibercondria-y-los-nuevos-males-causados-por-internet\/","title":{"rendered":"Nomofobia, cibercondr\u00eda y los nuevos males causados por internet"},"content":{"rendered":"<p><em><a href=\"http:\/\/www.elsindical.com.ar\/notas\/var\/www\/html\/notas\/wp-content\/uploads\/2011\/11\/celular-Iphone.jpg\"><img loading=\"lazy\" decoding=\"async\" class=\"alignnone size-medium wp-image-18832\" alt=\"celular-Iphone\" src=\"http:\/\/www.elsindical.com.ar\/notas\/var\/www\/html\/notas\/wp-content\/uploads\/2011\/11\/celular-Iphone-300x225.jpg\" width=\"300\" height=\"225\" srcset=\"https:\/\/www.elsindical.com.ar\/notas\/var\/www\/html\/notas\/wp-content\/uploads\/2011\/11\/celular-Iphone-300x225.jpg 300w, https:\/\/www.elsindical.com.ar\/notas\/var\/www\/html\/notas\/wp-content\/uploads\/2011\/11\/celular-Iphone.jpg 325w\" sizes=\"auto, (max-width: 300px) 100vw, 300px\" \/><\/a>Creer que vibra el celular cuando eso no sucede o deprimirse por una foto en Instagram son algunas de las nuevas sensaciones que viven los usuarios en la era digital.<\/em><\/p>\n<div>Es indiscutible que nuestra vida es m\u00e1s f\u00e1cil gracias a la tecnolog\u00eda, pero esto tienen tambi\u00e9n su lado perjudicial.<\/div>\n<div><\/div>\n<div>La<b>\u00a0<\/b>adicci\u00f3n a las redes sociales y a los dispositivos electr\u00f3nicos es real y est\u00e1 siendo reconocida por profesionales de la salud mental. El sitio\u00a0TechHive\u00a0realiz\u00f3 una<b>\u00a0recopilaci\u00f3n de los trastornos psicol\u00f3gicos <\/b>m\u00e1s comunes entre los usuarios de internet de todo el mundo. <b>\u00bfCu\u00e1nta tecnolog\u00eda es suficiente?<\/b><\/div>\n<div><\/div>\n<div><b>S\u00edndrome de la llamada imaginaria<\/b><\/div>\n<div><\/div>\n<div>De acuerdo con el m\u00e9dico Larry Rosen, autor del libro <b><i>iDisorder<\/i><\/b>, el <b>70% de\u00a0los usuarios de dispositivos m\u00f3viles ha sufrido alguna vez la alucinaci\u00f3n de que su celular hab\u00eda sonado o vibrado sin que en realidad lo hubiera hecho<\/b>. Esto sucede porque nuestro cerebro ha empezado a asociar el m\u00f3vil con cualquier impulso que recibe.<\/div>\n<div><\/div>\n<div>\n<div>\u00a0Nomofobia<\/div>\n<div>Es una palabra que surge de la frase en ingl\u00e9s <strong>\u00abno mobile phobia<\/strong>\u00bb (&#8216;fobia a estar sin m\u00f3vil&#8217;) y se refiere a la sensaci\u00f3n de angustia, ansiedad o miedo irracional que se experimenta cuando<b>\u00a0<\/b>se dan situaciones como la <strong>p\u00e9rdida del celular, bater\u00eda agotada y falta de se\u00f1al.\u00a0<\/strong><\/div>\n<div><\/div>\n<div>Recientemente un estudio brit\u00e1nico revel\u00f3 que\u00a0<strong>en Reino Unido ya la sufre el 66% de la poblaci\u00f3n<\/strong>, lo que supone un aumento del 53% con relaci\u00f3n a un sondeo realizado hace cuatro a\u00f1os, inform\u00f3<i>\u00a0BBC Mundo.<\/i><\/div>\n<div>\n<p>Esta fobia fue vinculada por otros especialistas a la\u00a0<strong>adicci\u00f3n a la tecnolog\u00eda<\/strong>, m\u00e1s precisamente con la necesidad de revisar constantemente cada mensaje, alerta o sonido que genera el tel\u00e9fono<\/p>\n<p>A principios de este a\u00f1o, un equipo de investigadores de la Universidad de Worcester, en Reino Unido, determin\u00f3 que esta ansiedad permanente -resultado de estar siempre conectados-\u00a0<strong>eleva considerablemente los niveles de estr\u00e9s.<\/strong><\/p>\n<p>Parad\u00f3jicamente, el malestar\u00a0<strong>era mayor cuando el celular se usaba m\u00e1s para fines personales\u00a0<\/strong>que laborales.<\/p>\n<p><b>Cibermareo<\/b><\/p>\n<p>Es la desorientaci\u00f3n y mareo que sienten algunas personas al interactuar con ciertos entornos digitales. Recientemente, <b>usuarios del nuevo sistema operativo iOS 7 de Apple expusieron estos problemas f\u00edsicos por el nuevo dise\u00f1o.\u00a0<\/b><\/p>\n<p><b>Depresi\u00f3n \u00absocial\u00bb<\/b><\/p>\n<p><b>El\u00a0mal\u00a0uso de las redes sociales puede causar sentimientos negativos<\/b>. Algunas personas se deprimen porque tienen muchos \u00abamigos\u00bb en <b>Facebook<\/b>, otros por la falta de ellos. En tanto, la revisi\u00f3n cotidiana de las fotos en aplicaci\u00f3n fotogr\u00e1fica I<b>nstagram<\/b> tambi\u00e9n puede generar tristeza y envidia entre los\u00a0usuarios.<\/p>\n<p><b>Adicci\u00f3n a internet<\/b><\/p>\n<p>El <b>Trastorno de Adicci\u00f3n a Internet <\/b>se refiere al<b> uso excesivo de la web y la necesidad de estar todo el tiempo conectado, <\/b>hasta al punto que esto interfiere con la vida diaria. El\u00a0<b>usuario medio de m\u00f3vil comprueba su dispositivo cada seis minutos y medio<\/b>\u00a0(lo que equivale a 150 veces al d\u00eda), seg\u00fan una reciente encuesta de HuffPost\/YouGov.<\/p>\n<p>Un hospital de los Estados Unidos ofrece <b>tratamiento m\u00e9dico a pacientes que abusan de la tecnolog\u00eda. <\/b>El programa dura diez d\u00edas y se los \u00abdesintoxica\u00bb del mundo digital.\u00a0El psic\u00f3logo\u00a0<b>Kimberly Young,\u00a0<\/b>que cre\u00f3 el tratamiento y es experto en el campo, relat\u00f3 a\u00a0<i>The Huffington Post\u00a0\u00a0<\/i>que son m\u00e1s frecuentes las consultas sobre este tipo de problem\u00e1tica.<\/p>\n<p><b>Cibercondr\u00eda\u00a0<\/b><\/p>\n<p>Se les atribuye este diagn\u00f3stico a <b>personas convencidas de que padecen alg\u00fan mal tras haber le\u00eddo al respecto en la web. <\/b>Por ejemplo, un cibernauta que sufre de dolor de cabeza puede buscar la causa de este mal en internet y encontrar que una raz\u00f3n podr\u00eda ser un tumor cerebral.\u00a0El problema es que uno puede empezar a encontrarse realmente mal por \u00aberror\u00bb. <b>Es algo similar a la hipocondr\u00eda, s\u00f3lo que las dolencias son conocidas por el ciberespacio.\u00a0<\/b><\/p>\n<p><b>Efecto Google<\/b><\/p>\n<p>Es cuando el cerebro retiene menos informaci\u00f3n como\u00a0consecuencia de la posibilidad de acceder a ella en cualquier momento. <b>Todas las respuestas est\u00e1n a un solo click de distancia y, por lo tanto, se recuerda menos.\u00a0<\/b><\/p>\n<p><b>Dependencia a los videojuegos online\u00a0<\/b><\/p>\n<p><b>Esta es una de las enfermedades cibern\u00e9ticas m\u00e1s comunes.<\/b> Se estima que los que la padecen pasan alrededor de 17 horas al d\u00eda en los juegos en l\u00ednea, por lo que desatienden tareas realmente importantes como ir a la escuela o al trabajo.<\/p>\n<\/div>\n<\/div>\n","protected":false},"excerpt":{"rendered":"<p>Creer que vibra el celular cuando eso no sucede o deprimirse por una foto en Instagram son algunas de las nuevas sensaciones que viven los usuarios en la era digital. Es indiscutible que nuestra vida es m\u00e1s f\u00e1cil gracias a la tecnolog\u00eda, pero esto tienen tambi\u00e9n su lado perjudicial. La\u00a0adicci\u00f3n a las redes sociales y&hellip;<\/p>\n","protected":false},"author":1,"featured_media":0,"comment_status":"open","ping_status":"open","sticky":false,"template":"","format":"standard","meta":{"footnotes":""},"categories":[23],"tags":[107,519,10188],"class_list":["post-38272","post","type-post","status-publish","format-standard","hentry","category-salud","tag-adicciones","tag-celular","tag-tecnologia"],"_links":{"self":[{"href":"https:\/\/www.elsindical.com.ar\/notas\/wp-json\/wp\/v2\/posts\/38272","targetHints":{"allow":["GET"]}}],"collection":[{"href":"https:\/\/www.elsindical.com.ar\/notas\/wp-json\/wp\/v2\/posts"}],"about":[{"href":"https:\/\/www.elsindical.com.ar\/notas\/wp-json\/wp\/v2\/types\/post"}],"author":[{"embeddable":true,"href":"https:\/\/www.elsindical.com.ar\/notas\/wp-json\/wp\/v2\/users\/1"}],"replies":[{"embeddable":true,"href":"https:\/\/www.elsindical.com.ar\/notas\/wp-json\/wp\/v2\/comments?post=38272"}],"version-history":[{"count":1,"href":"https:\/\/www.elsindical.com.ar\/notas\/wp-json\/wp\/v2\/posts\/38272\/revisions"}],"predecessor-version":[{"id":38273,"href":"https:\/\/www.elsindical.com.ar\/notas\/wp-json\/wp\/v2\/posts\/38272\/revisions\/38273"}],"wp:attachment":[{"href":"https:\/\/www.elsindical.com.ar\/notas\/wp-json\/wp\/v2\/media?parent=38272"}],"wp:term":[{"taxonomy":"category","embeddable":true,"href":"https:\/\/www.elsindical.com.ar\/notas\/wp-json\/wp\/v2\/categories?post=38272"},{"taxonomy":"post_tag","embeddable":true,"href":"https:\/\/www.elsindical.com.ar\/notas\/wp-json\/wp\/v2\/tags?post=38272"}],"curies":[{"name":"wp","href":"https:\/\/api.w.org\/{rel}","templated":true}]}}