{"id":38261,"date":"2013-10-19T12:53:01","date_gmt":"2013-10-19T15:53:01","guid":{"rendered":"http:\/\/www.elsindical.com.ar\/notas\/?p=38261"},"modified":"2013-10-19T12:53:01","modified_gmt":"2013-10-19T15:53:01","slug":"el-sindical-radio-14-de-octubre-2013","status":"publish","type":"post","link":"https:\/\/www.elsindical.com.ar\/notas\/el-sindical-radio-14-de-octubre-2013\/","title":{"rendered":"El Sindical Radio 14 de octubre 2013"},"content":{"rendered":"<p><em><a href=\"http:\/\/www.elsindical.com.ar\/notas\/var\/www\/html\/notas\/wp-content\/uploads\/2012\/06\/RadiosOnlineFM.jpg\"><img loading=\"lazy\" decoding=\"async\" class=\"alignnone size-medium wp-image-25011\" alt=\"RadiosOnlineFM\" src=\"http:\/\/www.elsindical.com.ar\/notas\/var\/www\/html\/notas\/wp-content\/uploads\/2012\/06\/RadiosOnlineFM-300x250.jpg\" width=\"300\" height=\"250\" srcset=\"https:\/\/www.elsindical.com.ar\/notas\/var\/www\/html\/notas\/wp-content\/uploads\/2012\/06\/RadiosOnlineFM-300x250.jpg 300w, https:\/\/www.elsindical.com.ar\/notas\/var\/www\/html\/notas\/wp-content\/uploads\/2012\/06\/RadiosOnlineFM.jpg 500w\" sizes=\"auto, (max-width: 300px) 100vw, 300px\" \/><\/a>Programa de radio de El Sindial Radio del lunes 14 de octubre del 2013, de 19:00 a 20:00 por FM Boedo, 88.1,\u00a0\u00a0\u00a0\u00a0\u00a0\u00a0\u00a0\u00a0\u00a0\u00a0\u00a0\u00a0\u00a0\u00a0\u00a0\u00a0\u00a0\u00a0\u00a0\u00a0\u00a0\u00a0\u00a0\u00a0\u00a0\u00a0\u00a0\u00a0\u00a0\u00a0\u00a0\u00a0\u00a0\u00a0\u00a0\u00a0\u00a0\u00a0\u00a0\u00a0 www.fmboedo.com.ar<\/em><\/p>\n<p>Durante el programa nos referimos a la actitud reprochable del candidato por el FVP Juan Cabandi\u00e9 que se hizo conocer obre una infracci\u00f3n de tr\u00e1nsito que el mismo cometi\u00f3 en momentos que circulaba por el partido de Lomas de Zamora y la mala reacci\u00f3n para con la agente femenino de tr\u00e1nsito del municipio, el video que ya tiene unos meses de grabado, fue subido en medio de la campa\u00f1a y al parecer hay efectivos de la Gendarmer\u00eda Nacional que no tiene afinidad con el gobierno nacional.<\/p>\n<p>Nos referimos a la campa\u00f1a sucia de algunos sectores y la conducta de militantes que cometen actos anti democr\u00e1ticos contra otros candidatos y las acusaciones cruzadas.<\/p>\n<p>Debatimos con Valeria Carreras la conducta de Cabandi\u00e9, y reitere las denuncias contra la corrupci\u00f3n en la justicia espec\u00edficamente en el fuero laboral con la participaci\u00f3n de asesores de Cabandi\u00e9, la pobre actuaci\u00f3n del Consejo Nacional de la Magistratura, las audiencias que se posponen en el Consejo por falta de consejeros y otras irregularidades denunciadas oportunamente.<\/p>\n<p>Analizamos a otros candidatos y sus archivos.<\/p>\n<p>Tratamos el tema de la detenci\u00f3n del ex prefecto Walter Vinader, su conducta en el crimen que se le imputa, los descuidos y la poca probabilidad de que este sea un comando entrenado.<\/p>\n<p>Y toda la informaci\u00f3n que solo vas a escuchar en nuestro programa y de la que luego se refieren otros medios.<iframe loading=\"lazy\" src=\"http:\/\/www.ivoox.com\/player_ej_2464871_1.html\" height=\"120\" width=\"100%\" allowfullscreen=\"\" frameborder=\"0\" scrolling=\"no\"><\/iframe><\/p>\n","protected":false},"excerpt":{"rendered":"<p>Programa de radio de El Sindial Radio del lunes 14 de octubre del 2013, de 19:00 a 20:00 por FM Boedo, 88.1,\u00a0\u00a0\u00a0\u00a0\u00a0\u00a0\u00a0\u00a0\u00a0\u00a0\u00a0\u00a0\u00a0\u00a0\u00a0\u00a0\u00a0\u00a0\u00a0\u00a0\u00a0\u00a0\u00a0\u00a0\u00a0\u00a0\u00a0\u00a0\u00a0\u00a0\u00a0\u00a0\u00a0\u00a0\u00a0\u00a0\u00a0\u00a0\u00a0\u00a0 www.fmboedo.com.ar Durante el programa nos referimos a la actitud reprochable del candidato por el FVP Juan Cabandi\u00e9 que se hizo conocer obre una infracci\u00f3n de tr\u00e1nsito que el mismo cometi\u00f3 en momentos que&hellip;<\/p>\n","protected":false},"author":1,"featured_media":0,"comment_status":"open","ping_status":"open","sticky":false,"template":"","format":"standard","meta":{"footnotes":""},"categories":[11826],"tags":[776,11827,6983,563,17131],"class_list":["post-38261","post","type-post","status-publish","format-standard","hentry","category-el-sindical-radio","tag-consejo-de-la-magistratura","tag-fm-boedo","tag-juan-cabandie","tag-medios","tag-walter-vinader"],"_links":{"self":[{"href":"https:\/\/www.elsindical.com.ar\/notas\/wp-json\/wp\/v2\/posts\/38261","targetHints":{"allow":["GET"]}}],"collection":[{"href":"https:\/\/www.elsindical.com.ar\/notas\/wp-json\/wp\/v2\/posts"}],"about":[{"href":"https:\/\/www.elsindical.com.ar\/notas\/wp-json\/wp\/v2\/types\/post"}],"author":[{"embeddable":true,"href":"https:\/\/www.elsindical.com.ar\/notas\/wp-json\/wp\/v2\/users\/1"}],"replies":[{"embeddable":true,"href":"https:\/\/www.elsindical.com.ar\/notas\/wp-json\/wp\/v2\/comments?post=38261"}],"version-history":[{"count":1,"href":"https:\/\/www.elsindical.com.ar\/notas\/wp-json\/wp\/v2\/posts\/38261\/revisions"}],"predecessor-version":[{"id":38262,"href":"https:\/\/www.elsindical.com.ar\/notas\/wp-json\/wp\/v2\/posts\/38261\/revisions\/38262"}],"wp:attachment":[{"href":"https:\/\/www.elsindical.com.ar\/notas\/wp-json\/wp\/v2\/media?parent=38261"}],"wp:term":[{"taxonomy":"category","embeddable":true,"href":"https:\/\/www.elsindical.com.ar\/notas\/wp-json\/wp\/v2\/categories?post=38261"},{"taxonomy":"post_tag","embeddable":true,"href":"https:\/\/www.elsindical.com.ar\/notas\/wp-json\/wp\/v2\/tags?post=38261"}],"curies":[{"name":"wp","href":"https:\/\/api.w.org\/{rel}","templated":true}]}}