{"id":38215,"date":"2013-10-17T02:56:48","date_gmt":"2013-10-17T05:56:48","guid":{"rendered":"http:\/\/www.elsindical.com.ar\/notas\/?p=38215"},"modified":"2013-10-17T02:56:48","modified_gmt":"2013-10-17T05:56:48","slug":"lanusintentan-determinar-la-identidad-del-cuerpo-femenino-encontrado-en-monte-chingolo","status":"publish","type":"post","link":"https:\/\/www.elsindical.com.ar\/notas\/lanusintentan-determinar-la-identidad-del-cuerpo-femenino-encontrado-en-monte-chingolo\/","title":{"rendered":"Lan\u00fas:Intentan determinar la identidad del cuerpo femenino encontrado en Monte Chingolo"},"content":{"rendered":"<p><em> <a href=\"http:\/\/www.elsindical.com.ar\/notas\/var\/www\/html\/notas\/wp-content\/uploads\/2013\/10\/cuerpo-hallado-en-Lan\u00fas.jpg\"><img loading=\"lazy\" decoding=\"async\" class=\"alignnone size-medium wp-image-38216\" alt=\"cuerpo-hallado-en-Lan\u00fas\" src=\"http:\/\/www.elsindical.com.ar\/notas\/var\/www\/html\/notas\/wp-content\/uploads\/2013\/10\/cuerpo-hallado-en-Lan\u00fas-300x216.jpg\" width=\"300\" height=\"216\" srcset=\"https:\/\/www.elsindical.com.ar\/notas\/var\/www\/html\/notas\/wp-content\/uploads\/2013\/10\/cuerpo-hallado-en-Lan\u00fas-300x216.jpg 300w, https:\/\/www.elsindical.com.ar\/notas\/var\/www\/html\/notas\/wp-content\/uploads\/2013\/10\/cuerpo-hallado-en-Lan\u00fas.jpg 403w\" sizes=\"auto, (max-width: 300px) 100vw, 300px\" \/><\/a>A\u00fan las autoridades policiales no han podido determinar la identidad del cuerpo femenino encontrado en la localidad de Monte Chingolo, partido de Lan\u00fas, por lo que a\u00fan se encuentran realizando diligencias judiciales para poder determinar quien es la mujer asesinado y los motivos para el crimen.<\/em><\/p>\n<p>La Polic\u00eda todav\u00eda no pudo identificar el cuerpo que fue encontrado el martes en una esquina de Monte Chingolo, partido\u00a0 de Lan\u00fas. Dependencias policiales cruzan datos para saber si hay alguna denuncia sobre la desaparici\u00f3n de una chica que coincida con los rasgos del cad\u00e1ver.<\/p>\n<p>El macabro hallazgo tuvo lugar el martes en el cruce de las calles Antonio Abersta\u00edan y Chascom\u00fas. Los investigadores creen que el cad\u00e1ver fue arrojado de un veh\u00edculo en movimiento.<\/p>\n<p>Desde la Jefatura Departamental de Lan\u00fas precisaron que el cuerpo encontrado en Chingolo es de una chica de entre 20 y 25 a\u00f1os, mide 1,63 metros y es de contextura mediana y tez blanca. La v\u00edctima fatal estaba vestida con un pantal\u00f3n blanco, zapatillas del mismo color, remera verde y una campera de jean sin mangas.<\/p>\n<p>\u201cActualmente estamos trabajando en conjunto con las dem\u00e1s departamentales para saber si tienen alguna denuncia sobre alguna mujer desaparecida con estas caracter\u00edsticas. Desde el martes que estamos con \u00e9ste tema y todav\u00eda no pudimos dar con alguien que haya realizado una denuncia de este tipo\u201d, explicaron desde la Departamental Lan\u00fas. \u201cHasta el momento no hay ninguna noticia sobre una denuncia de estas caracter\u00edsticas, pero seguiremos investigando hasta conocer con precisi\u00f3n lo sucedido y, principalmente la identidad de esta joven\u201d, acotaron.<\/p>\n<p>Aclararon, entonces, que \u201cel cuerpo de la joven fue arrojado de un auto en movimiento, ya fallecida\u201d. \u201cA simple vista no ten\u00eda signos de golpes por esa raz\u00f3n el juez en un principio caratul\u00f3 la causa como \u2018alevos\u00eda causal de muerte\u2019. Actualmente, se encuentra en la morgue donde est\u00e1n realiz\u00e1ndole distintos estudios para corroborar la causa de la muerte y para precisar alg\u00fan dato de sus agresores\u201d, relataron desde la dependencia.<\/p>\n<p>Seg\u00fan informaron los vecinos, el hecho ocurri\u00f3 entre las 06:30 y 07:00 del martes. \u201cEs incre\u00edble que pasen estas cosas a plena luz del d\u00eda y en un horario tan transitado, ya que a esa hora los chicos van al colegio y la mayor\u00eda de los vecinos salen de su casa para ir a trabajar. La verdad que es algo terrible, ojal\u00e1 que se pueda esclarecer y encuentren a los culpables de esta atrocidad\u201d, se\u00f1al\u00f3 una de las vecinas, que prefiri\u00f3 mantener su identidad en reserva por temor a represalias.<\/p>\n<p>Interviene la Unidad Funcional de Instrucci\u00f3n (UFI) 2 del Departamento Judicial de Lomas de Zamora.<\/p>\n","protected":false},"excerpt":{"rendered":"<p>A\u00fan las autoridades policiales no han podido determinar la identidad del cuerpo femenino encontrado en la localidad de Monte Chingolo, partido de Lan\u00fas, por lo que a\u00fan se encuentran realizando diligencias judiciales para poder determinar quien es la mujer asesinado y los motivos para el crimen. La Polic\u00eda todav\u00eda no pudo identificar el cuerpo que&hellip;<\/p>\n","protected":false},"author":1,"featured_media":0,"comment_status":"open","ping_status":"open","sticky":false,"template":"","format":"standard","meta":{"footnotes":""},"categories":[22],"tags":[1096,4185,209,4840,30,11543],"class_list":["post-38215","post","type-post","status-publish","format-standard","hentry","category-policiales","tag-cuerpo","tag-femenino","tag-lanus","tag-monte-chingolo","tag-policia","tag-ufi-2"],"_links":{"self":[{"href":"https:\/\/www.elsindical.com.ar\/notas\/wp-json\/wp\/v2\/posts\/38215","targetHints":{"allow":["GET"]}}],"collection":[{"href":"https:\/\/www.elsindical.com.ar\/notas\/wp-json\/wp\/v2\/posts"}],"about":[{"href":"https:\/\/www.elsindical.com.ar\/notas\/wp-json\/wp\/v2\/types\/post"}],"author":[{"embeddable":true,"href":"https:\/\/www.elsindical.com.ar\/notas\/wp-json\/wp\/v2\/users\/1"}],"replies":[{"embeddable":true,"href":"https:\/\/www.elsindical.com.ar\/notas\/wp-json\/wp\/v2\/comments?post=38215"}],"version-history":[{"count":1,"href":"https:\/\/www.elsindical.com.ar\/notas\/wp-json\/wp\/v2\/posts\/38215\/revisions"}],"predecessor-version":[{"id":38217,"href":"https:\/\/www.elsindical.com.ar\/notas\/wp-json\/wp\/v2\/posts\/38215\/revisions\/38217"}],"wp:attachment":[{"href":"https:\/\/www.elsindical.com.ar\/notas\/wp-json\/wp\/v2\/media?parent=38215"}],"wp:term":[{"taxonomy":"category","embeddable":true,"href":"https:\/\/www.elsindical.com.ar\/notas\/wp-json\/wp\/v2\/categories?post=38215"},{"taxonomy":"post_tag","embeddable":true,"href":"https:\/\/www.elsindical.com.ar\/notas\/wp-json\/wp\/v2\/tags?post=38215"}],"curies":[{"name":"wp","href":"https:\/\/api.w.org\/{rel}","templated":true}]}}