{"id":38178,"date":"2013-10-16T09:17:33","date_gmt":"2013-10-16T12:17:33","guid":{"rendered":"http:\/\/www.elsindical.com.ar\/notas\/?p=38178"},"modified":"2013-10-16T09:17:33","modified_gmt":"2013-10-16T12:17:33","slug":"insaurralde-se-reunio-con-mosquera-y-echo-al-director-de-transito","status":"publish","type":"post","link":"https:\/\/www.elsindical.com.ar\/notas\/insaurralde-se-reunio-con-mosquera-y-echo-al-director-de-transito\/","title":{"rendered":"Insaurralde se reuni\u00f3 con Mosquera y ech\u00f3 al director de Tr\u00e1nsito"},"content":{"rendered":"<p><em><a href=\"http:\/\/www.elsindical.com.ar\/notas\/var\/www\/html\/notas\/wp-content\/uploads\/2013\/10\/Ram\u00f3n-Guelardi.jpg\"><img loading=\"lazy\" decoding=\"async\" class=\"alignnone size-medium wp-image-38179\" alt=\"Ram\u00f3n-Guelardi\" src=\"http:\/\/www.elsindical.com.ar\/notas\/var\/www\/html\/notas\/wp-content\/uploads\/2013\/10\/Ram\u00f3n-Guelardi-300x222.jpg\" width=\"300\" height=\"222\" srcset=\"https:\/\/www.elsindical.com.ar\/notas\/var\/www\/html\/notas\/wp-content\/uploads\/2013\/10\/Ram\u00f3n-Guelardi-300x222.jpg 300w, https:\/\/www.elsindical.com.ar\/notas\/var\/www\/html\/notas\/wp-content\/uploads\/2013\/10\/Ram\u00f3n-Guelardi-404x300.jpg 404w, https:\/\/www.elsindical.com.ar\/notas\/var\/www\/html\/notas\/wp-content\/uploads\/2013\/10\/Ram\u00f3n-Guelardi.jpg 620w\" sizes=\"auto, (max-width: 300px) 100vw, 300px\" \/><\/a>El Intendente de Lomas se reuni\u00f3 con la ex agente de tr\u00e1nsito que protagoniz\u00f3 un incidente con el legislador porte\u00f1o Juan Cabandi\u00e9 y le ofreci\u00f3 reingresar al cuerpo de inspectores. En tanto, separ\u00f3 al director de Tr\u00e1nsito del Municipio, Ram\u00f3n Guelardi, por las circunstancias en que se interrumpi\u00f3 el contrato en agosto de Mosquera.<\/em><\/p>\n<p>El intendente de Lomas de Zamora y candidato a diputado nacional por el FpV, Mart\u00edn Insaurralde, anunci\u00f3 ayer su decisi\u00f3n de ofrecerle a la inspectora Bel\u00e9n Mosquera reingresar al cuerpo de inspectores y confirm\u00f3 su decisi\u00f3n de separar al director de Tr\u00e1nsito del Municipio, Ram\u00f3n Guelardi, por las circunstancias en que se interrumpi\u00f3 el contrato en agosto.<\/p>\n<p>Insaurralde, en di\u00e1logo con los medios, asegur\u00f3 que tras la discusi\u00f3n entre el legislador Juan Cabandi\u00e9 y la joven, concret\u00f3 el encuentro de 45 minutos con la ex agente que catalog\u00f3 como \u00abmuy amable\u00bb.<\/p>\n<p>\u00abBel\u00e9n me cont\u00f3 que ella siempre supo que (Cabandi\u00e9) hablaba por tel\u00e9fono con una persona a la que le dec\u00eda que hable conmigo. La inspectora tiene en claro que nunca estuvo hablando conmigo por tel\u00e9fono\u00bb, explic\u00f3.<\/p>\n<p>En ese marco, el jefe comunal agreg\u00f3 que se acord\u00f3 \u00abrever la decisi\u00f3n de apartarla, dado que ella hizo muy bien su tarea y era una buena inspectora\u00bb, por lo que \u00abtampoco\u201d estuvo \u201cde acuerdo con la decisi\u00f3n de apartarla\u201d. \u201cTodos tenemos derecho a la defensa y por eso desvincul\u00e9 al director de Tr\u00e1nsito\u00bb, explic\u00f3.<\/p>\n<p>La joven, que apareci\u00f3 d\u00edas atr\u00e1s en un video discutiendo con Juan Cabandi\u00e9, fue apartada de su cargo meses despu\u00e9s por la Direcci\u00f3n de Tr\u00e1nsito, a partir de supuestos \u00ababandonos de trabajo\u00bb que, para Insaurralde, \u00abno merec\u00edan esa determinaci\u00f3n\u00bb.<\/p>\n<p>\u201cNo estoy de acuerdo con el procedimiento por el cual a ella se la deja cesante en el trabajo, porque todos tenemos derecho a la defensa y habr\u00eda que haberla citado si al realizar una auditor\u00eda se encontraron dos fallas\u201d, manifest\u00f3 Insaurralde.<\/p>\n<p>Adem\u00e1s, el jefe comunal aclar\u00f3 que los dos hechos por la cual la amonestan y luego la desvinculan \u201cno tienen nada que ver\u201d con el incidente de tr\u00e1nsito de Cabandi\u00e9.<\/p>\n<p>En ese sentido, Insaurralde se\u00f1al\u00f3 que durante el encuentro de ayer Bel\u00e9n le cont\u00f3 que una de las observaciones fue \u201cporque hab\u00eda ocurrido un hecho en una esquina y ella se hab\u00eda ido a hablar a otra esquina con una compa\u00f1era de trabajo\u201d.<\/p>\n<p>\u00abNo hice declaraciones en estos d\u00edas porque soy el intendente de Lomas de Zamora y ten\u00eda que escuchar a todas las partes, ya que me debo a mis vecinos y a mis empleados municipales\u00bb, explic\u00f3.<\/p>\n<p>Sobre el hecho de tr\u00e1nsito que involucra al legislador porte\u00f1o Juan Cabandi\u00e9, Insaurralde consider\u00f3 que Mosquera \u201chizo muy bien su tarea, actu\u00f3 correctamente\u201d como agente de tr\u00e1nsito.<\/p>\n<p>Con respecto a las fechas, Insaurralde confirm\u00f3 que la ex agente de tr\u00e1nsito ingres\u00f3 a trabajar en febrero y el hecho de tr\u00e1nsito se produjo el 10 de mayo de este a\u00f1o, e indic\u00f3 que \u00abla multa a Cabandi\u00e9 era una m\u00e1s de las 5.000 que hace el municipio\u00bb.<\/p>\n<p>\u00abSi me hubiese enterado, hubiera tomado la misma decisi\u00f3n, porque yo no tomo las decisiones por un video. Y las tomo todos los d\u00edas, no por las elecciones\u00bb, enfatiz\u00f3.<\/p>\n<p>Por \u00faltimo, neg\u00f3 que el 10 de mayo, d\u00eda en que se produjo la discusi\u00f3n entre la joven y Cabandi\u00e9, haya recibido llamado alguno para pedir el apartamiento de la inspectora.<\/p>\n<p>\u00abYo recuerdo todos los llamados y nunca habl\u00e9 con Cabandi\u00e9 por tel\u00e9fono por ese hecho. Pero s\u00ed recuerdo que hoy (por ayer) me llam\u00f3 para pedirme contactarse con Bel\u00e9n para pedirle disculpas, y eso habla bien de \u00e9l\u00bb, asegur\u00f3 Insaurralde.<\/p>\n","protected":false},"excerpt":{"rendered":"<p>El Intendente de Lomas se reuni\u00f3 con la ex agente de tr\u00e1nsito que protagoniz\u00f3 un incidente con el legislador porte\u00f1o Juan Cabandi\u00e9 y le ofreci\u00f3 reingresar al cuerpo de inspectores. En tanto, separ\u00f3 al director de Tr\u00e1nsito del Municipio, Ram\u00f3n Guelardi, por las circunstancias en que se interrumpi\u00f3 el contrato en agosto de Mosquera. El&hellip;<\/p>\n","protected":false},"author":1,"featured_media":0,"comment_status":"open","ping_status":"open","sticky":false,"template":"","format":"standard","meta":{"footnotes":""},"categories":[13],"tags":[17193,17194,6983,2180,17195],"class_list":["post-38178","post","type-post","status-publish","format-standard","hentry","category-politica","tag-belen-mosquera","tag-director-de-transito","tag-juan-cabandie","tag-martin-insaurralde","tag-ramon-guelardi"],"_links":{"self":[{"href":"https:\/\/www.elsindical.com.ar\/notas\/wp-json\/wp\/v2\/posts\/38178","targetHints":{"allow":["GET"]}}],"collection":[{"href":"https:\/\/www.elsindical.com.ar\/notas\/wp-json\/wp\/v2\/posts"}],"about":[{"href":"https:\/\/www.elsindical.com.ar\/notas\/wp-json\/wp\/v2\/types\/post"}],"author":[{"embeddable":true,"href":"https:\/\/www.elsindical.com.ar\/notas\/wp-json\/wp\/v2\/users\/1"}],"replies":[{"embeddable":true,"href":"https:\/\/www.elsindical.com.ar\/notas\/wp-json\/wp\/v2\/comments?post=38178"}],"version-history":[{"count":1,"href":"https:\/\/www.elsindical.com.ar\/notas\/wp-json\/wp\/v2\/posts\/38178\/revisions"}],"predecessor-version":[{"id":38180,"href":"https:\/\/www.elsindical.com.ar\/notas\/wp-json\/wp\/v2\/posts\/38178\/revisions\/38180"}],"wp:attachment":[{"href":"https:\/\/www.elsindical.com.ar\/notas\/wp-json\/wp\/v2\/media?parent=38178"}],"wp:term":[{"taxonomy":"category","embeddable":true,"href":"https:\/\/www.elsindical.com.ar\/notas\/wp-json\/wp\/v2\/categories?post=38178"},{"taxonomy":"post_tag","embeddable":true,"href":"https:\/\/www.elsindical.com.ar\/notas\/wp-json\/wp\/v2\/tags?post=38178"}],"curies":[{"name":"wp","href":"https:\/\/api.w.org\/{rel}","templated":true}]}}